{"id":12545,"date":"2025-12-01T07:36:00","date_gmt":"2025-12-01T07:36:00","guid":{"rendered":"https:\/\/www.abchukuk.com\/index.php\/2025\/12\/01\/demokrasi-ve-adalet-felsefe-isiginda-tartisildi\/"},"modified":"2025-12-01T07:36:00","modified_gmt":"2025-12-01T07:36:00","slug":"demokrasi-ve-adalet-felsefe-isiginda-tartisildi","status":"publish","type":"post","link":"https:\/\/www.abchukuk.com\/index.php\/2025\/12\/01\/demokrasi-ve-adalet-felsefe-isiginda-tartisildi\/","title":{"rendered":"Demokrasi ve adalet felsefe \u0131\u015f\u0131\u011f\u0131nda tart\u0131\u015f\u0131ld\u0131"},"content":{"rendered":"<p>Sel\u00e7uk Belediyesi ve T\u00fcrkiye Felsefe Kurumu i\u015f birli\u011fi ile d\u00fczenlenen Herakleitos ve \u0130oanna Ku\u00e7uradi Felsefe G\u00fcnleri\u2019nin ikinci g\u00fcn\u00fcnde demokrasi ve adalet kavramlar\u0131 konu\u015fuldu. Etkinli\u011fin onur konu\u011fu olan \u0130stanbul Barosu Ba\u015fkan\u0131 Prof. Dr. \u0130brahim Kabo\u011flu, \u201c Anayasa, t\u00fcm siyasal \u00f6rg\u00fctler, akt\u00f6rler ve kamu kurumlar\u0131 i\u00e7in temeldir. Bunca bask\u0131ya ve anayasa d\u0131\u015f\u0131l\u0131\u011fa ra\u011fmen halk\u0131n \u00e7o\u011funlu\u011fu \u2018Biz demokrasi istiyoruz\u2019 diyor\u201d dedi.Sel\u00e7uk Belediyesi ve T\u00fcrkiye Felsefe Kurumu i\u015f birli\u011fi ile d\u00fczenlenen Herakleitos ve \u0130oanna Ku\u00e7uradi Felsefe G\u00fcnleri\u2019nin ikinci g\u00fcn\u00fcnde demokrasi ve adalet kavramlar\u0131 konu\u015fuldu. Etkinli\u011fin onur konu\u011fu olan \u0130stanbul Barosu Ba\u015fkan\u0131 Prof. Dr. \u0130brahim Kabo\u011flu, \u201c Anayasa, t\u00fcm siyasal \u00f6rg\u00fctler, akt\u00f6rler ve kamu kurumlar\u0131 i\u00e7in temeldir. Bunca bask\u0131ya ve anayasa d\u0131\u015f\u0131l\u0131\u011fa ra\u011fmen halk\u0131n \u00e7o\u011funlu\u011fu \u2018Biz demokrasi istiyoruz\u2019 diyor\u201d dedi.\u00a0<a href=\"https:\/\/www.cumhuriyet.com.tr\/cumhuriyet-in-egesi\/demokrasi-ve-adalet-felsefe-isiginda-tartisildi-2457417\" target=\"_blank\" class=\"feedzy-rss-link-icon\">Read More<\/a><\/p>","protected":false},"excerpt":{"rendered":"<p>Sel\u00e7uk Belediyesi ve T\u00fcrkiye Felsefe Kurumu i\u015f birli\u011fi ile d\u00fczenlenen Herakleitos ve \u0130oanna Ku\u00e7uradi Felsefe G\u00fcnleri\u2019nin ikinci g\u00fcn\u00fcnde demokrasi ve adalet kavramlar\u0131 konu\u015fuldu. Etkinli\u011fin onur konu\u011fu olan \u0130stanbul Barosu Ba\u015fkan\u0131 Prof. Dr. \u0130brahim Kabo\u011flu, \u201c Anayasa, t\u00fcm siyasal \u00f6rg\u00fctler, akt\u00f6rler ve kamu kurumlar\u0131 i\u00e7in temeldir. Bunca bask\u0131ya ve anayasa d\u0131\u015f\u0131l\u0131\u011fa ra\u011fmen halk\u0131n \u00e7o\u011funlu\u011fu \u2018Biz demokrasi [&hellip;]<\/p>\n","protected":false},"author":1,"featured_media":12546,"comment_status":"open","ping_status":"open","sticky":false,"template":"","format":"standard","meta":{"footnotes":"","_links_to":"","_links_to_target":""},"categories":[1],"tags":[],"class_list":["post-12545","post","type-post","status-publish","format-standard","has-post-thumbnail","hentry","category-haberler"],"_links":{"self":[{"href":"https:\/\/www.abchukuk.com\/index.php\/wp-json\/wp\/v2\/posts\/12545","targetHints":{"allow":["GET"]}}],"collection":[{"href":"https:\/\/www.abchukuk.com\/index.php\/wp-json\/wp\/v2\/posts"}],"about":[{"href":"https:\/\/www.abchukuk.com\/index.php\/wp-json\/wp\/v2\/types\/post"}],"author":[{"embeddable":true,"href":"https:\/\/www.abchukuk.com\/index.php\/wp-json\/wp\/v2\/users\/1"}],"replies":[{"embeddable":true,"href":"https:\/\/www.abchukuk.com\/index.php\/wp-json\/wp\/v2\/comments?post=12545"}],"version-history":[{"count":0,"href":"https:\/\/www.abchukuk.com\/index.php\/wp-json\/wp\/v2\/posts\/12545\/revisions"}],"wp:featuredmedia":[{"embeddable":true,"href":"https:\/\/www.abchukuk.com\/index.php\/wp-json\/wp\/v2\/media\/12546"}],"wp:attachment":[{"href":"https:\/\/www.abchukuk.com\/index.php\/wp-json\/wp\/v2\/media?parent=12545"}],"wp:term":[{"taxonomy":"category","embeddable":true,"href":"https:\/\/www.abchukuk.com\/index.php\/wp-json\/wp\/v2\/categories?post=12545"},{"taxonomy":"post_tag","embeddable":true,"href":"https:\/\/www.abchukuk.com\/index.php\/wp-json\/wp\/v2\/tags?post=12545"}],"curies":[{"name":"wp","href":"https:\/\/api.w.org\/{rel}","templated":true}]}}