{"id":12542,"date":"2025-12-01T06:38:00","date_gmt":"2025-12-01T06:38:00","guid":{"rendered":"https:\/\/www.abchukuk.com\/index.php\/2025\/12\/01\/fatih-altayli-youtubeye-dondu-mahkemede-kagitlari-neden-firlattigini-acikladi\/"},"modified":"2025-12-01T06:38:00","modified_gmt":"2025-12-01T06:38:00","slug":"fatih-altayli-youtubeye-dondu-mahkemede-kagitlari-neden-firlattigini-acikladi","status":"publish","type":"post","link":"https:\/\/www.abchukuk.com\/index.php\/2025\/12\/01\/fatih-altayli-youtubeye-dondu-mahkemede-kagitlari-neden-firlattigini-acikladi\/","title":{"rendered":"Fatih Altayl\u0131 Youtube&#8217;ye d\u00f6nd\u00fc: Mahkemede ka\u011f\u0131tlar\u0131 neden f\u0131rlatt\u0131\u011f\u0131n\u0131 a\u00e7\u0131klad\u0131"},"content":{"rendered":"<p>4 y\u0131l 2 ay hapis cezas\u0131 verilen gazeteci Fatih Altayl\u0131, 56 g\u00fcn\u00fcn ard\u0131ndan yeniden Youtube yay\u0131nlar\u0131na d\u00f6nd\u00fc. Hakk\u0131nda verilen karara tepki g\u00f6steren Altayl\u0131, &#8220;Adaleti yere ben f\u0131rlatmad\u0131m; adalet yere d\u00fc\u015f\u00fcr\u00fcld\u00fc\u011f\u00fc i\u00e7in ben de savunmam\u0131 yere f\u0131rlatt\u0131m&#8221; dedi.4 y\u0131l 2 ay hapis cezas\u0131 verilen gazeteci Fatih Altayl\u0131, 56 g\u00fcn\u00fcn ard\u0131ndan yeniden Youtube yay\u0131nlar\u0131na d\u00f6nd\u00fc. Hakk\u0131nda verilen karara tepki g\u00f6steren Altayl\u0131, &#8220;Adaleti yere ben f\u0131rlatmad\u0131m; adalet yere d\u00fc\u015f\u00fcr\u00fcld\u00fc\u011f\u00fc i\u00e7in ben de savunmam\u0131 yere f\u0131rlatt\u0131m&#8221; dedi.\u00a0<a href=\"https:\/\/www.cumhuriyet.com.tr\/turkiye\/fatih-altayli-youtube-ye-dondu-mahkemede-kagitlari-neden-firlattigini-acikladi-2457372\" target=\"_blank\" class=\"feedzy-rss-link-icon\">Read More<\/a><\/p>","protected":false},"excerpt":{"rendered":"<p>4 y\u0131l 2 ay hapis cezas\u0131 verilen gazeteci Fatih Altayl\u0131, 56 g\u00fcn\u00fcn ard\u0131ndan yeniden Youtube yay\u0131nlar\u0131na d\u00f6nd\u00fc. Hakk\u0131nda verilen karara tepki g\u00f6steren Altayl\u0131, &#8220;Adaleti yere ben f\u0131rlatmad\u0131m; adalet yere d\u00fc\u015f\u00fcr\u00fcld\u00fc\u011f\u00fc i\u00e7in ben de savunmam\u0131 yere f\u0131rlatt\u0131m&#8221; dedi.4 y\u0131l 2 ay hapis cezas\u0131 verilen gazeteci Fatih Altayl\u0131, 56 g\u00fcn\u00fcn ard\u0131ndan yeniden Youtube yay\u0131nlar\u0131na d\u00f6nd\u00fc. Hakk\u0131nda verilen [&hellip;]<\/p>\n","protected":false},"author":1,"featured_media":12543,"comment_status":"open","ping_status":"open","sticky":false,"template":"","format":"standard","meta":{"footnotes":"","_links_to":"","_links_to_target":""},"categories":[1],"tags":[],"class_list":["post-12542","post","type-post","status-publish","format-standard","has-post-thumbnail","hentry","category-haberler"],"_links":{"self":[{"href":"https:\/\/www.abchukuk.com\/index.php\/wp-json\/wp\/v2\/posts\/12542","targetHints":{"allow":["GET"]}}],"collection":[{"href":"https:\/\/www.abchukuk.com\/index.php\/wp-json\/wp\/v2\/posts"}],"about":[{"href":"https:\/\/www.abchukuk.com\/index.php\/wp-json\/wp\/v2\/types\/post"}],"author":[{"embeddable":true,"href":"https:\/\/www.abchukuk.com\/index.php\/wp-json\/wp\/v2\/users\/1"}],"replies":[{"embeddable":true,"href":"https:\/\/www.abchukuk.com\/index.php\/wp-json\/wp\/v2\/comments?post=12542"}],"version-history":[{"count":0,"href":"https:\/\/www.abchukuk.com\/index.php\/wp-json\/wp\/v2\/posts\/12542\/revisions"}],"wp:featuredmedia":[{"embeddable":true,"href":"https:\/\/www.abchukuk.com\/index.php\/wp-json\/wp\/v2\/media\/12543"}],"wp:attachment":[{"href":"https:\/\/www.abchukuk.com\/index.php\/wp-json\/wp\/v2\/media?parent=12542"}],"wp:term":[{"taxonomy":"category","embeddable":true,"href":"https:\/\/www.abchukuk.com\/index.php\/wp-json\/wp\/v2\/categories?post=12542"},{"taxonomy":"post_tag","embeddable":true,"href":"https:\/\/www.abchukuk.com\/index.php\/wp-json\/wp\/v2\/tags?post=12542"}],"curies":[{"name":"wp","href":"https:\/\/api.w.org\/{rel}","templated":true}]}}