{"id":12537,"date":"2025-11-30T20:59:07","date_gmt":"2025-11-30T20:59:07","guid":{"rendered":"https:\/\/www.abchukuk.com\/index.php\/2025\/11\/30\/sokakta-cocugunu-darbeden-baba-gozaltina-alindi-kafasini-otomobile-vurup-yere-firlatmisti\/"},"modified":"2025-11-30T20:59:07","modified_gmt":"2025-11-30T20:59:07","slug":"sokakta-cocugunu-darbeden-baba-gozaltina-alindi-kafasini-otomobile-vurup-yere-firlatmisti","status":"publish","type":"post","link":"https:\/\/www.abchukuk.com\/index.php\/2025\/11\/30\/sokakta-cocugunu-darbeden-baba-gozaltina-alindi-kafasini-otomobile-vurup-yere-firlatmisti\/","title":{"rendered":"Sokakta \u00e7ocu\u011funu darbeden baba g\u00f6zalt\u0131na al\u0131nd\u0131: Kafas\u0131n\u0131 otomobile vurup yere f\u0131rlatm\u0131\u015ft\u0131"},"content":{"rendered":"<p>Sosyal medyada payla\u015f\u0131lan g\u00f6r\u00fcnt\u00fclerin ard\u0131ndan yabanc\u0131 uyruklu baba g\u00f6zalt\u0131na al\u0131nd\u0131. G\u00f6r\u00fcnt\u00fclere baban\u0131n kendi k\u0131z \u00e7ocu\u011funu ba\u015f\u0131ndan tutarak bir otomobilin arkas\u0131na vurdu\u011fu ard\u0131ndan \u00e7ocu\u011fu yere att\u0131\u011f\u0131 anlar yans\u0131m\u0131\u015ft\u0131.Sosyal medyada payla\u015f\u0131lan g\u00f6r\u00fcnt\u00fclerin ard\u0131ndan yabanc\u0131 uyruklu baba g\u00f6zalt\u0131na al\u0131nd\u0131. G\u00f6r\u00fcnt\u00fclere baban\u0131n kendi k\u0131z \u00e7ocu\u011funu ba\u015f\u0131ndan tutarak bir otomobilin arkas\u0131na vurdu\u011fu ard\u0131ndan \u00e7ocu\u011fu yere att\u0131\u011f\u0131 anlar yans\u0131m\u0131\u015ft\u0131.\u00a0<a href=\"https:\/\/anlatilaninotesi.com.tr\/20251130\/sokakta-cocugunu-darbeden-baba-gozaltina-alindi-kafasini-otomobile-vurup-yere-firlatmisti-1101431111.html\" target=\"_blank\" class=\"feedzy-rss-link-icon\">Read More<\/a><\/p>","protected":false},"excerpt":{"rendered":"<p>Sosyal medyada payla\u015f\u0131lan g\u00f6r\u00fcnt\u00fclerin ard\u0131ndan yabanc\u0131 uyruklu baba g\u00f6zalt\u0131na al\u0131nd\u0131. G\u00f6r\u00fcnt\u00fclere baban\u0131n kendi k\u0131z \u00e7ocu\u011funu ba\u015f\u0131ndan tutarak bir otomobilin arkas\u0131na vurdu\u011fu ard\u0131ndan \u00e7ocu\u011fu yere att\u0131\u011f\u0131 anlar yans\u0131m\u0131\u015ft\u0131.Sosyal medyada payla\u015f\u0131lan g\u00f6r\u00fcnt\u00fclerin ard\u0131ndan yabanc\u0131 uyruklu baba g\u00f6zalt\u0131na al\u0131nd\u0131. G\u00f6r\u00fcnt\u00fclere baban\u0131n kendi k\u0131z \u00e7ocu\u011funu ba\u015f\u0131ndan tutarak bir otomobilin arkas\u0131na vurdu\u011fu ard\u0131ndan \u00e7ocu\u011fu yere att\u0131\u011f\u0131 anlar yans\u0131m\u0131\u015ft\u0131.\u00a0Read More<\/p>\n","protected":false},"author":1,"featured_media":0,"comment_status":"open","ping_status":"open","sticky":false,"template":"","format":"standard","meta":{"footnotes":"","_links_to":"","_links_to_target":""},"categories":[1],"tags":[],"class_list":["post-12537","post","type-post","status-publish","format-standard","hentry","category-haberler"],"_links":{"self":[{"href":"https:\/\/www.abchukuk.com\/index.php\/wp-json\/wp\/v2\/posts\/12537","targetHints":{"allow":["GET"]}}],"collection":[{"href":"https:\/\/www.abchukuk.com\/index.php\/wp-json\/wp\/v2\/posts"}],"about":[{"href":"https:\/\/www.abchukuk.com\/index.php\/wp-json\/wp\/v2\/types\/post"}],"author":[{"embeddable":true,"href":"https:\/\/www.abchukuk.com\/index.php\/wp-json\/wp\/v2\/users\/1"}],"replies":[{"embeddable":true,"href":"https:\/\/www.abchukuk.com\/index.php\/wp-json\/wp\/v2\/comments?post=12537"}],"version-history":[{"count":0,"href":"https:\/\/www.abchukuk.com\/index.php\/wp-json\/wp\/v2\/posts\/12537\/revisions"}],"wp:attachment":[{"href":"https:\/\/www.abchukuk.com\/index.php\/wp-json\/wp\/v2\/media?parent=12537"}],"wp:term":[{"taxonomy":"category","embeddable":true,"href":"https:\/\/www.abchukuk.com\/index.php\/wp-json\/wp\/v2\/categories?post=12537"},{"taxonomy":"post_tag","embeddable":true,"href":"https:\/\/www.abchukuk.com\/index.php\/wp-json\/wp\/v2\/tags?post=12537"}],"curies":[{"name":"wp","href":"https:\/\/api.w.org\/{rel}","templated":true}]}}