{"id":12533,"date":"2025-11-30T17:16:00","date_gmt":"2025-11-30T17:16:00","guid":{"rendered":"https:\/\/www.abchukuk.com\/index.php\/2025\/11\/30\/yangin-faciasinda-7-isci-can-vermisti-fabrika-sahibi-cezaevinde-oldu\/"},"modified":"2025-11-30T17:16:00","modified_gmt":"2025-11-30T17:16:00","slug":"yangin-faciasinda-7-isci-can-vermisti-fabrika-sahibi-cezaevinde-oldu","status":"publish","type":"post","link":"https:\/\/www.abchukuk.com\/index.php\/2025\/11\/30\/yangin-faciasinda-7-isci-can-vermisti-fabrika-sahibi-cezaevinde-oldu\/","title":{"rendered":"Yang\u0131n Facias\u0131nda 7 \u0130\u015f\u00e7i Can Vermi\u015fti&#8230; Fabrika Sahibi Cezaevinde \u00d6ld\u00fc!"},"content":{"rendered":"<p><a href=\"https:\/\/www.gercekgundem.com\/guncel\/yangin-faciasinda-7-isci-can-vermisti-fabrika-sahibi-cezaevinde-oldu-562813\"><br \/>\n                                                            <img decoding=\"async\" src=\"https:\/\/i.gercekgundem.com\/2\/150\/84\/storage\/files\/images\/2025\/11\/30\/yangin-faciasinda-7-isci-can-vermisti-fabrika-sahibi-cezaevinde-oldu-jpss.png\" width=\"150\" height=\"84\" border=\"0\" align=\"right\" \/><br \/>\n                                                    <\/a><\/p>\n<h4>Dilovas\u0131&#8217;ndaki Fabrika yang\u0131n\u0131nda 7 i\u015f\u00e7inin \u00f6l\u00fcm\u00fcnden sorumlu tutulan i\u015f yeri sahibi cezaevinde fenala\u015ft\u0131. Kalp krizi ge\u00e7iren san\u0131k kurtar\u0131lamad\u0131.<\/h4>\n<p>Dilovas\u0131&#8217;ndaki Fabrika yang\u0131n\u0131nda 7 i\u015f\u00e7inin \u00f6l\u00fcm\u00fcnden sorumlu tutulan i\u015f yeri sahibi cezaevinde fenala\u015ft\u0131. Kalp krizi ge\u00e7iren san\u0131k kurtar\u0131lamad\u0131.\u00a0<a href=\"https:\/\/www.gercekgundem.com\/guncel\/yangin-faciasinda-7-isci-can-vermisti-fabrika-sahibi-cezaevinde-oldu-562813\" target=\"_blank\" class=\"feedzy-rss-link-icon\">Read More<\/a><\/p>","protected":false},"excerpt":{"rendered":"<p>Dilovas\u0131&#8217;ndaki Fabrika yang\u0131n\u0131nda 7 i\u015f\u00e7inin \u00f6l\u00fcm\u00fcnden sorumlu tutulan i\u015f yeri sahibi cezaevinde fenala\u015ft\u0131. Kalp krizi ge\u00e7iren san\u0131k kurtar\u0131lamad\u0131. Dilovas\u0131&#8217;ndaki Fabrika yang\u0131n\u0131nda 7 i\u015f\u00e7inin \u00f6l\u00fcm\u00fcnden sorumlu tutulan i\u015f yeri sahibi cezaevinde fenala\u015ft\u0131. Kalp krizi ge\u00e7iren san\u0131k kurtar\u0131lamad\u0131.\u00a0Read More<\/p>\n","protected":false},"author":1,"featured_media":12534,"comment_status":"open","ping_status":"open","sticky":false,"template":"","format":"standard","meta":{"footnotes":"","_links_to":"","_links_to_target":""},"categories":[1],"tags":[],"class_list":["post-12533","post","type-post","status-publish","format-standard","has-post-thumbnail","hentry","category-haberler"],"_links":{"self":[{"href":"https:\/\/www.abchukuk.com\/index.php\/wp-json\/wp\/v2\/posts\/12533","targetHints":{"allow":["GET"]}}],"collection":[{"href":"https:\/\/www.abchukuk.com\/index.php\/wp-json\/wp\/v2\/posts"}],"about":[{"href":"https:\/\/www.abchukuk.com\/index.php\/wp-json\/wp\/v2\/types\/post"}],"author":[{"embeddable":true,"href":"https:\/\/www.abchukuk.com\/index.php\/wp-json\/wp\/v2\/users\/1"}],"replies":[{"embeddable":true,"href":"https:\/\/www.abchukuk.com\/index.php\/wp-json\/wp\/v2\/comments?post=12533"}],"version-history":[{"count":0,"href":"https:\/\/www.abchukuk.com\/index.php\/wp-json\/wp\/v2\/posts\/12533\/revisions"}],"wp:featuredmedia":[{"embeddable":true,"href":"https:\/\/www.abchukuk.com\/index.php\/wp-json\/wp\/v2\/media\/12534"}],"wp:attachment":[{"href":"https:\/\/www.abchukuk.com\/index.php\/wp-json\/wp\/v2\/media?parent=12533"}],"wp:term":[{"taxonomy":"category","embeddable":true,"href":"https:\/\/www.abchukuk.com\/index.php\/wp-json\/wp\/v2\/categories?post=12533"},{"taxonomy":"post_tag","embeddable":true,"href":"https:\/\/www.abchukuk.com\/index.php\/wp-json\/wp\/v2\/tags?post=12533"}],"curies":[{"name":"wp","href":"https:\/\/api.w.org\/{rel}","templated":true}]}}