{"id":12529,"date":"2025-11-30T16:51:00","date_gmt":"2025-11-30T16:51:00","guid":{"rendered":"https:\/\/www.abchukuk.com\/index.php\/2025\/11\/30\/dilovasi-faciasinda-7-isci-hayatini-kaybetmisti-fabrikanin-sahibi-cezaevinde-kalp-krizinden-oldu\/"},"modified":"2025-11-30T16:51:00","modified_gmt":"2025-11-30T16:51:00","slug":"dilovasi-faciasinda-7-isci-hayatini-kaybetmisti-fabrikanin-sahibi-cezaevinde-kalp-krizinden-oldu","status":"publish","type":"post","link":"https:\/\/www.abchukuk.com\/index.php\/2025\/11\/30\/dilovasi-faciasinda-7-isci-hayatini-kaybetmisti-fabrikanin-sahibi-cezaevinde-kalp-krizinden-oldu\/","title":{"rendered":"Dilovas\u0131 facias\u0131nda 7 i\u015f\u00e7i hayat\u0131n\u0131 kaybetmi\u015fti! Fabrikan\u0131n sahibi cezaevinde kalp krizinden \u00f6ld\u00fc"},"content":{"rendered":"<p>Dilovas\u0131\u2019nda 7 i\u015f\u00e7inin hayat\u0131n\u0131 kaybetti\u011fi fabrika yang\u0131n\u0131 sonras\u0131 tutuklanan i\u015f yeri sahibi Kurtulu\u015f O., cezaevinde ge\u00e7irdi\u011fi kalp krizi sonras\u0131 kald\u0131r\u0131ld\u0131\u011f\u0131 hastanede ya\u015fam\u0131n\u0131 yitirdi; facia sonras\u0131 7 ki\u015fi tutuklanm\u0131\u015f, belediyeden de \u00e7ok say\u0131da g\u00f6revli a\u00e7\u0131\u011fa al\u0131nm\u0131\u015ft\u0131.Dilovas\u0131\u2019nda 7 i\u015f\u00e7inin hayat\u0131n\u0131 kaybetti\u011fi fabrika yang\u0131n\u0131 sonras\u0131 tutuklanan i\u015f yeri sahibi Kurtulu\u015f O., cezaevinde ge\u00e7irdi\u011fi kalp krizi sonras\u0131 kald\u0131r\u0131ld\u0131\u011f\u0131 hastanede ya\u015fam\u0131n\u0131 yitirdi; facia sonras\u0131 7 ki\u015fi tutuklanm\u0131\u015f, belediyeden de \u00e7ok say\u0131da g\u00f6revli a\u00e7\u0131\u011fa al\u0131nm\u0131\u015ft\u0131.\u00a0<a href=\"https:\/\/www.cumhuriyet.com.tr\/turkiye\/dilovasi-faciasinda-7-isci-hayatini-kaybetmisti-fabrikanin-sahibi-cezaevinde-kalp-krizinden-oldu-2457271\" target=\"_blank\" class=\"feedzy-rss-link-icon\">Read More<\/a><\/p>","protected":false},"excerpt":{"rendered":"<p>Dilovas\u0131\u2019nda 7 i\u015f\u00e7inin hayat\u0131n\u0131 kaybetti\u011fi fabrika yang\u0131n\u0131 sonras\u0131 tutuklanan i\u015f yeri sahibi Kurtulu\u015f O., cezaevinde ge\u00e7irdi\u011fi kalp krizi sonras\u0131 kald\u0131r\u0131ld\u0131\u011f\u0131 hastanede ya\u015fam\u0131n\u0131 yitirdi; facia sonras\u0131 7 ki\u015fi tutuklanm\u0131\u015f, belediyeden de \u00e7ok say\u0131da g\u00f6revli a\u00e7\u0131\u011fa al\u0131nm\u0131\u015ft\u0131.Dilovas\u0131\u2019nda 7 i\u015f\u00e7inin hayat\u0131n\u0131 kaybetti\u011fi fabrika yang\u0131n\u0131 sonras\u0131 tutuklanan i\u015f yeri sahibi Kurtulu\u015f O., cezaevinde ge\u00e7irdi\u011fi kalp krizi sonras\u0131 kald\u0131r\u0131ld\u0131\u011f\u0131 hastanede [&hellip;]<\/p>\n","protected":false},"author":1,"featured_media":12530,"comment_status":"open","ping_status":"open","sticky":false,"template":"","format":"standard","meta":{"footnotes":"","_links_to":"","_links_to_target":""},"categories":[1],"tags":[],"class_list":["post-12529","post","type-post","status-publish","format-standard","has-post-thumbnail","hentry","category-haberler"],"_links":{"self":[{"href":"https:\/\/www.abchukuk.com\/index.php\/wp-json\/wp\/v2\/posts\/12529","targetHints":{"allow":["GET"]}}],"collection":[{"href":"https:\/\/www.abchukuk.com\/index.php\/wp-json\/wp\/v2\/posts"}],"about":[{"href":"https:\/\/www.abchukuk.com\/index.php\/wp-json\/wp\/v2\/types\/post"}],"author":[{"embeddable":true,"href":"https:\/\/www.abchukuk.com\/index.php\/wp-json\/wp\/v2\/users\/1"}],"replies":[{"embeddable":true,"href":"https:\/\/www.abchukuk.com\/index.php\/wp-json\/wp\/v2\/comments?post=12529"}],"version-history":[{"count":0,"href":"https:\/\/www.abchukuk.com\/index.php\/wp-json\/wp\/v2\/posts\/12529\/revisions"}],"wp:featuredmedia":[{"embeddable":true,"href":"https:\/\/www.abchukuk.com\/index.php\/wp-json\/wp\/v2\/media\/12530"}],"wp:attachment":[{"href":"https:\/\/www.abchukuk.com\/index.php\/wp-json\/wp\/v2\/media?parent=12529"}],"wp:term":[{"taxonomy":"category","embeddable":true,"href":"https:\/\/www.abchukuk.com\/index.php\/wp-json\/wp\/v2\/categories?post=12529"},{"taxonomy":"post_tag","embeddable":true,"href":"https:\/\/www.abchukuk.com\/index.php\/wp-json\/wp\/v2\/tags?post=12529"}],"curies":[{"name":"wp","href":"https:\/\/api.w.org\/{rel}","templated":true}]}}