{"id":12521,"date":"2025-11-30T12:14:38","date_gmt":"2025-11-30T12:14:38","guid":{"rendered":"https:\/\/www.abchukuk.com\/index.php\/2025\/11\/30\/adalet-bakanliginda-gorevde-yukselme-sinavi-tamamlandi-cevaplar-3-aralikta-aciklanacak\/"},"modified":"2025-11-30T12:14:38","modified_gmt":"2025-11-30T12:14:38","slug":"adalet-bakanliginda-gorevde-yukselme-sinavi-tamamlandi-cevaplar-3-aralikta-aciklanacak","status":"publish","type":"post","link":"https:\/\/www.abchukuk.com\/index.php\/2025\/11\/30\/adalet-bakanliginda-gorevde-yukselme-sinavi-tamamlandi-cevaplar-3-aralikta-aciklanacak\/","title":{"rendered":"Adalet Bakanl\u0131\u011f\u0131nda g\u00f6revde y\u00fckselme s\u0131nav\u0131 tamamland\u0131! Cevaplar 3 Aral\u0131k\u2019ta a\u00e7\u0131klanacak"},"content":{"rendered":"<p class=\"p1\">Hafta sonu d\u00fczenlenen G\u00f6revde Y\u00fckselme ve Unvan De\u011fi\u015fikli\u011fi yaz\u0131l\u0131 s\u0131nav\u0131, Adalet Bakanl\u0131\u011f\u0131 personelinin kat\u0131l\u0131m\u0131yla 8 il merkezinde yap\u0131ld\u0131. S\u0131nav, Bakanl\u0131k taraf\u0131ndan planlanan takvime uygun \u015fekilde ger\u00e7ekle\u015fti.<\/p>\n<p class=\"p1\"><span class=\"s2\">3 ARALIKTA SORULAR VE CEVAPLAR ER\u0130\u015e\u0130ME A\u00c7ILACAK <\/span><\/p>\n<p class=\"p1\"><span class=\"s1\">Adalet Bakanl\u0131\u011f\u0131, s\u0131nava giren adaylar\u0131n 3 Aral\u0131k tarihinde hem s\u0131nav sorular\u0131na hem de cevap anahtar\u0131na ula\u015fabilece\u011fini duyurdu. Bu tarihten itibaren adaylar, kendi performanslar\u0131n\u0131 inceleyebilecek.<\/span><\/p>\n<p class=\"p1\"><span class=\"s2\">ADAYLARA \u0130T\u0130RAZ HAKKI<\/span><\/p>\n<p class=\"p1\"><span class=\"s1\">Cevap anahtar\u0131n\u0131n yay\u0131mlanmas\u0131n\u0131n ard\u0131ndan adaylar, 5 i\u015f g\u00fcn\u00fc i\u00e7inde s\u0131nav sonu\u00e7lar\u0131na itiraz edebilecek. Yap\u0131lan itirazlar, Bakanl\u0131k yetkilileri taraf\u0131ndan titizlikle de\u011ferlendirilecek.<\/span><\/p>\n<p class=\"p1\"><span class=\"s2\">KES\u0130N SONU\u00c7LAR A\u00c7IKLANACAK <\/span><\/p>\n<p class=\"p1\"><span class=\"s1\">\u0130tiraz s\u00fcrecinin tamamlanmas\u0131n\u0131n ard\u0131ndan kesin sonu\u00e7lar Adalet Bakanl\u0131\u011f\u0131 taraf\u0131ndan ilan edilecek ve adaylar resmi sonu\u00e7lara eri\u015febilecek.<\/span><\/p>\n<p>Adalet Bakanl\u0131\u011f\u0131n\u0131n G\u00f6revde Y\u00fckselme ve Unvan De\u011fi\u015fikli\u011fi yaz\u0131l\u0131 s\u0131nav\u0131 hafta sonu 8 il merkezinde ger\u00e7ekle\u015ftirildi. Adaylar, 3 Aral\u0131k\u2019ta s\u0131nav sorular\u0131na ve cevap anahtar\u0131na eri\u015febilecek. Cevap anahtar\u0131n\u0131n yay\u0131mlanmas\u0131n\u0131n ard\u0131ndan 5 i\u015f g\u00fcn\u00fc i\u00e7inde sonu\u00e7lara itiraz m\u00fcmk\u00fcn olacak.\u00a0<a href=\"https:\/\/www.son.tv\/adalet-bakanliginda-gorevde-yukselme-sinavi-tamamlandi-cevaplar-3-aralikta-aciklanacak\/\" target=\"_blank\" class=\"feedzy-rss-link-icon\">Read More<\/a><\/p>","protected":false},"excerpt":{"rendered":"<p>Hafta sonu d\u00fczenlenen G\u00f6revde Y\u00fckselme ve Unvan De\u011fi\u015fikli\u011fi yaz\u0131l\u0131 s\u0131nav\u0131, Adalet Bakanl\u0131\u011f\u0131 personelinin kat\u0131l\u0131m\u0131yla 8 il merkezinde yap\u0131ld\u0131. S\u0131nav, Bakanl\u0131k taraf\u0131ndan planlanan takvime uygun \u015fekilde ger\u00e7ekle\u015fti. 3 ARALIKTA SORULAR VE CEVAPLAR ER\u0130\u015e\u0130ME A\u00c7ILACAK Adalet Bakanl\u0131\u011f\u0131, s\u0131nava giren adaylar\u0131n 3 Aral\u0131k tarihinde hem s\u0131nav sorular\u0131na hem de cevap anahtar\u0131na ula\u015fabilece\u011fini duyurdu. Bu tarihten itibaren adaylar, kendi [&hellip;]<\/p>\n","protected":false},"author":1,"featured_media":0,"comment_status":"open","ping_status":"open","sticky":false,"template":"","format":"standard","meta":{"footnotes":"","_links_to":"","_links_to_target":""},"categories":[1],"tags":[],"class_list":["post-12521","post","type-post","status-publish","format-standard","hentry","category-haberler"],"_links":{"self":[{"href":"https:\/\/www.abchukuk.com\/index.php\/wp-json\/wp\/v2\/posts\/12521","targetHints":{"allow":["GET"]}}],"collection":[{"href":"https:\/\/www.abchukuk.com\/index.php\/wp-json\/wp\/v2\/posts"}],"about":[{"href":"https:\/\/www.abchukuk.com\/index.php\/wp-json\/wp\/v2\/types\/post"}],"author":[{"embeddable":true,"href":"https:\/\/www.abchukuk.com\/index.php\/wp-json\/wp\/v2\/users\/1"}],"replies":[{"embeddable":true,"href":"https:\/\/www.abchukuk.com\/index.php\/wp-json\/wp\/v2\/comments?post=12521"}],"version-history":[{"count":0,"href":"https:\/\/www.abchukuk.com\/index.php\/wp-json\/wp\/v2\/posts\/12521\/revisions"}],"wp:attachment":[{"href":"https:\/\/www.abchukuk.com\/index.php\/wp-json\/wp\/v2\/media?parent=12521"}],"wp:term":[{"taxonomy":"category","embeddable":true,"href":"https:\/\/www.abchukuk.com\/index.php\/wp-json\/wp\/v2\/categories?post=12521"},{"taxonomy":"post_tag","embeddable":true,"href":"https:\/\/www.abchukuk.com\/index.php\/wp-json\/wp\/v2\/tags?post=12521"}],"curies":[{"name":"wp","href":"https:\/\/api.w.org\/{rel}","templated":true}]}}