{"id":12519,"date":"2025-11-30T11:55:50","date_gmt":"2025-11-30T11:55:50","guid":{"rendered":"https:\/\/www.abchukuk.com\/index.php\/2025\/11\/30\/netanyahu-israil-cumhurbaskani-herzogdan-yolsuzluk-davalarindan-af-istedi\/"},"modified":"2025-11-30T11:55:50","modified_gmt":"2025-11-30T11:55:50","slug":"netanyahu-israil-cumhurbaskani-herzogdan-yolsuzluk-davalarindan-af-istedi","status":"publish","type":"post","link":"https:\/\/www.abchukuk.com\/index.php\/2025\/11\/30\/netanyahu-israil-cumhurbaskani-herzogdan-yolsuzluk-davalarindan-af-istedi\/","title":{"rendered":"Netanyahu, \u0130srail Cumhurba\u015fkan\u0131 Herzog&#8217;dan yolsuzluk davalar\u0131ndan af istedi"},"content":{"rendered":"<p>\u0130srail Ba\u015fbakan\u0131, yakla\u015f\u0131k 6 y\u0131ld\u0131r yarg\u0131land\u0131\u011f\u0131 yolsuzluk davalar\u0131ndan aff\u0131 i\u00e7in \u0130srail Cumhurba\u015fkan\u0131 Isaac Herzog&#8217;a ba\u015fvuruda bulundu. Trump, daha \u00f6nce &#8216;kim takar, \u015fampanyay\u0131, puroyu&#8217; demi\u015f, Herzog&#8217;a Netanyahu&#8217;yu affetmesi i\u00e7in bir mektup yollam\u0131\u015ft\u0131.\u0130srail Ba\u015fbakan\u0131, yakla\u015f\u0131k 6 y\u0131ld\u0131r yarg\u0131land\u0131\u011f\u0131 yolsuzluk davalar\u0131ndan aff\u0131 i\u00e7in \u0130srail Cumhurba\u015fkan\u0131 Isaac Herzog&#8217;a ba\u015fvuruda bulundu. Trump, daha \u00f6nce &#8216;kim takar, \u015fampanyay\u0131, puroyu&#8217; demi\u015f, Herzog&#8217;a Netanyahu&#8217;yu affetmesi i\u00e7in bir mektup yollam\u0131\u015ft\u0131.\u00a0<a href=\"https:\/\/anlatilaninotesi.com.tr\/20251130\/netanyahu-israil-cumhurbaskani-herzogdan-yolsuzluk-davalarindan-af-istedi--1101426223.html\" target=\"_blank\" class=\"feedzy-rss-link-icon\">Read More<\/a><\/p>","protected":false},"excerpt":{"rendered":"<p>\u0130srail Ba\u015fbakan\u0131, yakla\u015f\u0131k 6 y\u0131ld\u0131r yarg\u0131land\u0131\u011f\u0131 yolsuzluk davalar\u0131ndan aff\u0131 i\u00e7in \u0130srail Cumhurba\u015fkan\u0131 Isaac Herzog&#8217;a ba\u015fvuruda bulundu. Trump, daha \u00f6nce &#8216;kim takar, \u015fampanyay\u0131, puroyu&#8217; demi\u015f, Herzog&#8217;a Netanyahu&#8217;yu affetmesi i\u00e7in bir mektup yollam\u0131\u015ft\u0131.\u0130srail Ba\u015fbakan\u0131, yakla\u015f\u0131k 6 y\u0131ld\u0131r yarg\u0131land\u0131\u011f\u0131 yolsuzluk davalar\u0131ndan aff\u0131 i\u00e7in \u0130srail Cumhurba\u015fkan\u0131 Isaac Herzog&#8217;a ba\u015fvuruda bulundu. Trump, daha \u00f6nce &#8216;kim takar, \u015fampanyay\u0131, puroyu&#8217; demi\u015f, Herzog&#8217;a [&hellip;]<\/p>\n","protected":false},"author":1,"featured_media":0,"comment_status":"open","ping_status":"open","sticky":false,"template":"","format":"standard","meta":{"footnotes":"","_links_to":"","_links_to_target":""},"categories":[1],"tags":[],"class_list":["post-12519","post","type-post","status-publish","format-standard","hentry","category-haberler"],"_links":{"self":[{"href":"https:\/\/www.abchukuk.com\/index.php\/wp-json\/wp\/v2\/posts\/12519","targetHints":{"allow":["GET"]}}],"collection":[{"href":"https:\/\/www.abchukuk.com\/index.php\/wp-json\/wp\/v2\/posts"}],"about":[{"href":"https:\/\/www.abchukuk.com\/index.php\/wp-json\/wp\/v2\/types\/post"}],"author":[{"embeddable":true,"href":"https:\/\/www.abchukuk.com\/index.php\/wp-json\/wp\/v2\/users\/1"}],"replies":[{"embeddable":true,"href":"https:\/\/www.abchukuk.com\/index.php\/wp-json\/wp\/v2\/comments?post=12519"}],"version-history":[{"count":0,"href":"https:\/\/www.abchukuk.com\/index.php\/wp-json\/wp\/v2\/posts\/12519\/revisions"}],"wp:attachment":[{"href":"https:\/\/www.abchukuk.com\/index.php\/wp-json\/wp\/v2\/media?parent=12519"}],"wp:term":[{"taxonomy":"category","embeddable":true,"href":"https:\/\/www.abchukuk.com\/index.php\/wp-json\/wp\/v2\/categories?post=12519"},{"taxonomy":"post_tag","embeddable":true,"href":"https:\/\/www.abchukuk.com\/index.php\/wp-json\/wp\/v2\/tags?post=12519"}],"curies":[{"name":"wp","href":"https:\/\/api.w.org\/{rel}","templated":true}]}}