{"id":12517,"date":"2025-11-30T09:01:00","date_gmt":"2025-11-30T09:01:00","guid":{"rendered":"https:\/\/www.abchukuk.com\/index.php\/2025\/11\/30\/tbmmde-kritik-hafta-imrali-gorusmesi-butce-ve-11-yargi-paketi-gundemde\/"},"modified":"2025-11-30T09:01:00","modified_gmt":"2025-11-30T09:01:00","slug":"tbmmde-kritik-hafta-imrali-gorusmesi-butce-ve-11-yargi-paketi-gundemde","status":"publish","type":"post","link":"https:\/\/www.abchukuk.com\/index.php\/2025\/11\/30\/tbmmde-kritik-hafta-imrali-gorusmesi-butce-ve-11-yargi-paketi-gundemde\/","title":{"rendered":"TBMM&#8217;de kritik hafta: \u0130mral\u0131 g\u00f6r\u00fc\u015fmesi, b\u00fct\u00e7e ve 11. Yarg\u0131 Paketi g\u00fcndemde"},"content":{"rendered":"<p>TBMM\u2019de bu hafta, Milli Dayan\u0131\u015fma Karde\u015flik ve Demokrasi Komisyonu toplanacak. \u0130mral\u0131\u2019ya giderek ter\u00f6r \u00f6rg\u00fct\u00fc PKK eleba\u015f\u0131 Abdullah \u00d6calan ile g\u00f6r\u00fc\u015fen heyetin toplant\u0131da g\u00f6r\u00fc\u015fmeye ili\u015fkin bilgi sunmas\u0131 bekleniyor. Plan ve B\u00fct\u00e7e Komisyonu\u2019nda yakla\u015f\u0131k bir ayd\u0131r devam eden 2026 b\u00fct\u00e7e teklifi g\u00f6r\u00fc\u015fmeleri tamamlanacak. \u0130lk a\u015famada 55 bin ki\u015fiye tahliye yolu a\u00e7acak 11. Yarg\u0131 Paketi Adalet Komisyonu\u2019nda g\u00f6r\u00fc\u015f\u00fclecek.TBMM\u2019de bu hafta, Milli Dayan\u0131\u015fma Karde\u015flik ve Demokrasi Komisyonu toplanacak. \u0130mral\u0131\u2019ya giderek ter\u00f6r \u00f6rg\u00fct\u00fc PKK eleba\u015f\u0131 Abdullah \u00d6calan ile g\u00f6r\u00fc\u015fen heyetin toplant\u0131da g\u00f6r\u00fc\u015fmeye ili\u015fkin bilgi sunmas\u0131 bekleniyor. Plan ve B\u00fct\u00e7e Komisyonu\u2019nda yakla\u015f\u0131k bir ayd\u0131r devam eden 2026 b\u00fct\u00e7e teklifi g\u00f6r\u00fc\u015fmeleri tamamlanacak. \u0130lk a\u015famada 55 bin ki\u015fiye tahliye yolu a\u00e7acak 11. Yarg\u0131 Paketi Adalet Komisyonu\u2019nda g\u00f6r\u00fc\u015f\u00fclecek.\u00a0<a href=\"https:\/\/www.cumhuriyet.com.tr\/siyaset\/tbmm-de-kritik-hafta-imrali-gorusmesi-butce-ve-11-yargi-paketi-gundemde-2457161\" target=\"_blank\" class=\"feedzy-rss-link-icon\">Read More<\/a><\/p>","protected":false},"excerpt":{"rendered":"<p>TBMM\u2019de bu hafta, Milli Dayan\u0131\u015fma Karde\u015flik ve Demokrasi Komisyonu toplanacak. \u0130mral\u0131\u2019ya giderek ter\u00f6r \u00f6rg\u00fct\u00fc PKK eleba\u015f\u0131 Abdullah \u00d6calan ile g\u00f6r\u00fc\u015fen heyetin toplant\u0131da g\u00f6r\u00fc\u015fmeye ili\u015fkin bilgi sunmas\u0131 bekleniyor. Plan ve B\u00fct\u00e7e Komisyonu\u2019nda yakla\u015f\u0131k bir ayd\u0131r devam eden 2026 b\u00fct\u00e7e teklifi g\u00f6r\u00fc\u015fmeleri tamamlanacak. \u0130lk a\u015famada 55 bin ki\u015fiye tahliye yolu a\u00e7acak 11. Yarg\u0131 Paketi Adalet Komisyonu\u2019nda g\u00f6r\u00fc\u015f\u00fclecek.TBMM\u2019de [&hellip;]<\/p>\n","protected":false},"author":1,"featured_media":12518,"comment_status":"open","ping_status":"open","sticky":false,"template":"","format":"standard","meta":{"footnotes":"","_links_to":"","_links_to_target":""},"categories":[1],"tags":[],"class_list":["post-12517","post","type-post","status-publish","format-standard","has-post-thumbnail","hentry","category-haberler"],"_links":{"self":[{"href":"https:\/\/www.abchukuk.com\/index.php\/wp-json\/wp\/v2\/posts\/12517","targetHints":{"allow":["GET"]}}],"collection":[{"href":"https:\/\/www.abchukuk.com\/index.php\/wp-json\/wp\/v2\/posts"}],"about":[{"href":"https:\/\/www.abchukuk.com\/index.php\/wp-json\/wp\/v2\/types\/post"}],"author":[{"embeddable":true,"href":"https:\/\/www.abchukuk.com\/index.php\/wp-json\/wp\/v2\/users\/1"}],"replies":[{"embeddable":true,"href":"https:\/\/www.abchukuk.com\/index.php\/wp-json\/wp\/v2\/comments?post=12517"}],"version-history":[{"count":0,"href":"https:\/\/www.abchukuk.com\/index.php\/wp-json\/wp\/v2\/posts\/12517\/revisions"}],"wp:featuredmedia":[{"embeddable":true,"href":"https:\/\/www.abchukuk.com\/index.php\/wp-json\/wp\/v2\/media\/12518"}],"wp:attachment":[{"href":"https:\/\/www.abchukuk.com\/index.php\/wp-json\/wp\/v2\/media?parent=12517"}],"wp:term":[{"taxonomy":"category","embeddable":true,"href":"https:\/\/www.abchukuk.com\/index.php\/wp-json\/wp\/v2\/categories?post=12517"},{"taxonomy":"post_tag","embeddable":true,"href":"https:\/\/www.abchukuk.com\/index.php\/wp-json\/wp\/v2\/tags?post=12517"}],"curies":[{"name":"wp","href":"https:\/\/api.w.org\/{rel}","templated":true}]}}