{"id":12515,"date":"2025-11-30T09:46:35","date_gmt":"2025-11-30T09:46:35","guid":{"rendered":"https:\/\/www.abchukuk.com\/index.php\/2025\/11\/30\/ankarada-telebar-operasyonu-56-gozalti\/"},"modified":"2025-11-30T09:46:35","modified_gmt":"2025-11-30T09:46:35","slug":"ankarada-telebar-operasyonu-56-gozalti","status":"publish","type":"post","link":"https:\/\/www.abchukuk.com\/index.php\/2025\/11\/30\/ankarada-telebar-operasyonu-56-gozalti\/","title":{"rendered":"Ankara\u2019da \u2018Telebar\u2019 Operasyonu! 56 G\u00f6zalt\u0131"},"content":{"rendered":"<p><a href=\"https:\/\/www.gercekgundem.com\/guncel\/ankarada-telebar-operasyonu-56-gozalti-562800\"><br \/>\n                                                            <img decoding=\"async\" src=\"https:\/\/i.gercekgundem.com\/2\/150\/84\/storage\/files\/images\/2025\/11\/30\/ankarada-telebar-operasyonu-56-gozalti-sdy5.jpg\" width=\"150\" height=\"84\" border=\"0\" align=\"right\" \/><br \/>\n                                                    <\/a><\/p>\n<h4>Ankara\u2019da \u201ctelebar\u201d olarak bilinen i\u015fletmelere y\u00f6nelik bir fuhu\u015f operasyonu ger\u00e7ekle\u015ftirildi. Haklar\u0131nda g\u00f6zalt\u0131 karar\u0131 \u00e7\u0131kar\u0131lan 83 ki\u015fiden 56\u2019s\u0131 yakaland\u0131.<\/h4>\n<p>Ankara\u2019da \u201ctelebar\u201d olarak bilinen i\u015fletmelere y\u00f6nelik bir fuhu\u015f operasyonu ger\u00e7ekle\u015ftirildi. Haklar\u0131nda g\u00f6zalt\u0131 karar\u0131 \u00e7\u0131kar\u0131lan 83 ki\u015fiden 56\u2019s\u0131 yakaland\u0131.\u00a0<a href=\"https:\/\/www.gercekgundem.com\/guncel\/ankarada-telebar-operasyonu-56-gozalti-562800\" target=\"_blank\" class=\"feedzy-rss-link-icon\">Read More<\/a><\/p>","protected":false},"excerpt":{"rendered":"<p>Ankara\u2019da \u201ctelebar\u201d olarak bilinen i\u015fletmelere y\u00f6nelik bir fuhu\u015f operasyonu ger\u00e7ekle\u015ftirildi. Haklar\u0131nda g\u00f6zalt\u0131 karar\u0131 \u00e7\u0131kar\u0131lan 83 ki\u015fiden 56\u2019s\u0131 yakaland\u0131. Ankara\u2019da \u201ctelebar\u201d olarak bilinen i\u015fletmelere y\u00f6nelik bir fuhu\u015f operasyonu ger\u00e7ekle\u015ftirildi. Haklar\u0131nda g\u00f6zalt\u0131 karar\u0131 \u00e7\u0131kar\u0131lan 83 ki\u015fiden 56\u2019s\u0131 yakaland\u0131.\u00a0Read More<\/p>\n","protected":false},"author":1,"featured_media":12516,"comment_status":"open","ping_status":"open","sticky":false,"template":"","format":"standard","meta":{"footnotes":"","_links_to":"","_links_to_target":""},"categories":[1],"tags":[],"class_list":["post-12515","post","type-post","status-publish","format-standard","has-post-thumbnail","hentry","category-haberler"],"_links":{"self":[{"href":"https:\/\/www.abchukuk.com\/index.php\/wp-json\/wp\/v2\/posts\/12515","targetHints":{"allow":["GET"]}}],"collection":[{"href":"https:\/\/www.abchukuk.com\/index.php\/wp-json\/wp\/v2\/posts"}],"about":[{"href":"https:\/\/www.abchukuk.com\/index.php\/wp-json\/wp\/v2\/types\/post"}],"author":[{"embeddable":true,"href":"https:\/\/www.abchukuk.com\/index.php\/wp-json\/wp\/v2\/users\/1"}],"replies":[{"embeddable":true,"href":"https:\/\/www.abchukuk.com\/index.php\/wp-json\/wp\/v2\/comments?post=12515"}],"version-history":[{"count":0,"href":"https:\/\/www.abchukuk.com\/index.php\/wp-json\/wp\/v2\/posts\/12515\/revisions"}],"wp:featuredmedia":[{"embeddable":true,"href":"https:\/\/www.abchukuk.com\/index.php\/wp-json\/wp\/v2\/media\/12516"}],"wp:attachment":[{"href":"https:\/\/www.abchukuk.com\/index.php\/wp-json\/wp\/v2\/media?parent=12515"}],"wp:term":[{"taxonomy":"category","embeddable":true,"href":"https:\/\/www.abchukuk.com\/index.php\/wp-json\/wp\/v2\/categories?post=12515"},{"taxonomy":"post_tag","embeddable":true,"href":"https:\/\/www.abchukuk.com\/index.php\/wp-json\/wp\/v2\/tags?post=12515"}],"curies":[{"name":"wp","href":"https:\/\/api.w.org\/{rel}","templated":true}]}}