{"id":12513,"date":"2025-11-30T07:33:00","date_gmt":"2025-11-30T07:33:00","guid":{"rendered":"https:\/\/www.abchukuk.com\/index.php\/2025\/11\/30\/teskten-vergi-ve-prim-cikisi-haksizlik-giderilsin-adaletsizlik-duzelsin\/"},"modified":"2025-11-30T07:33:00","modified_gmt":"2025-11-30T07:33:00","slug":"teskten-vergi-ve-prim-cikisi-haksizlik-giderilsin-adaletsizlik-duzelsin","status":"publish","type":"post","link":"https:\/\/www.abchukuk.com\/index.php\/2025\/11\/30\/teskten-vergi-ve-prim-cikisi-haksizlik-giderilsin-adaletsizlik-duzelsin\/","title":{"rendered":"TESK&#8217;ten vergi ve prim \u00e7\u0131k\u0131\u015f\u0131: Haks\u0131zl\u0131k giderilsin, adaletsizlik d\u00fczelsin!"},"content":{"rendered":"<p>T\u00fcrkiye Esnaf ve Sanatk\u00e2rlar\u0131 Konfederasyonu\u2019nun (TESK) toplant\u0131s\u0131nda konu\u015fan Genel Ba\u015fkan Bendevi Paland\u00f6ken, esnaf\u0131n vergi ve prim \u00f6demelerindeki adaletsizli\u011fe i\u015faret ederek \u201cAz kazanandan az, \u00e7ok kazanandan \u00e7ok vergi al\u0131nmal\u0131\u201d dedi. &#8216;7 bin 200 g\u00fcnde emeklilik&#8217; \u00e7a\u011fr\u0131s\u0131n\u0131 yineleyen Paland\u00f6ken, \u201cVergi vermeyelim demiyoruz. Yeter ki adaletsizlik d\u00fczelsin&#8221; ifadelerini kulland\u0131.T\u00fcrkiye Esnaf ve Sanatk\u00e2rlar\u0131 Konfederasyonu\u2019nun (TESK) toplant\u0131s\u0131nda konu\u015fan Genel Ba\u015fkan Bendevi Paland\u00f6ken, esnaf\u0131n vergi ve prim \u00f6demelerindeki adaletsizli\u011fe i\u015faret ederek \u201cAz kazanandan az, \u00e7ok kazanandan \u00e7ok vergi al\u0131nmal\u0131\u201d dedi. &#8216;7 bin 200 g\u00fcnde emeklilik&#8217; \u00e7a\u011fr\u0131s\u0131n\u0131 yineleyen Paland\u00f6ken, \u201cVergi vermeyelim demiyoruz. Yeter ki adaletsizlik d\u00fczelsin&#8221; ifadelerini kulland\u0131.\u00a0<a href=\"https:\/\/www.dunya.com\/ekonomi\/teskten-vergi-ve-prim-cikisi-haksizlik-giderilsin-adaletsizlik-duzelsin-haberi-805309\" target=\"_blank\" class=\"feedzy-rss-link-icon\">Read More<\/a><\/p>","protected":false},"excerpt":{"rendered":"<p>T\u00fcrkiye Esnaf ve Sanatk\u00e2rlar\u0131 Konfederasyonu\u2019nun (TESK) toplant\u0131s\u0131nda konu\u015fan Genel Ba\u015fkan Bendevi Paland\u00f6ken, esnaf\u0131n vergi ve prim \u00f6demelerindeki adaletsizli\u011fe i\u015faret ederek \u201cAz kazanandan az, \u00e7ok kazanandan \u00e7ok vergi al\u0131nmal\u0131\u201d dedi. &#8216;7 bin 200 g\u00fcnde emeklilik&#8217; \u00e7a\u011fr\u0131s\u0131n\u0131 yineleyen Paland\u00f6ken, \u201cVergi vermeyelim demiyoruz. Yeter ki adaletsizlik d\u00fczelsin&#8221; ifadelerini kulland\u0131.T\u00fcrkiye Esnaf ve Sanatk\u00e2rlar\u0131 Konfederasyonu\u2019nun (TESK) toplant\u0131s\u0131nda konu\u015fan Genel Ba\u015fkan [&hellip;]<\/p>\n","protected":false},"author":1,"featured_media":12514,"comment_status":"open","ping_status":"open","sticky":false,"template":"","format":"standard","meta":{"footnotes":"","_links_to":"","_links_to_target":""},"categories":[1],"tags":[],"class_list":["post-12513","post","type-post","status-publish","format-standard","has-post-thumbnail","hentry","category-haberler"],"_links":{"self":[{"href":"https:\/\/www.abchukuk.com\/index.php\/wp-json\/wp\/v2\/posts\/12513","targetHints":{"allow":["GET"]}}],"collection":[{"href":"https:\/\/www.abchukuk.com\/index.php\/wp-json\/wp\/v2\/posts"}],"about":[{"href":"https:\/\/www.abchukuk.com\/index.php\/wp-json\/wp\/v2\/types\/post"}],"author":[{"embeddable":true,"href":"https:\/\/www.abchukuk.com\/index.php\/wp-json\/wp\/v2\/users\/1"}],"replies":[{"embeddable":true,"href":"https:\/\/www.abchukuk.com\/index.php\/wp-json\/wp\/v2\/comments?post=12513"}],"version-history":[{"count":0,"href":"https:\/\/www.abchukuk.com\/index.php\/wp-json\/wp\/v2\/posts\/12513\/revisions"}],"wp:featuredmedia":[{"embeddable":true,"href":"https:\/\/www.abchukuk.com\/index.php\/wp-json\/wp\/v2\/media\/12514"}],"wp:attachment":[{"href":"https:\/\/www.abchukuk.com\/index.php\/wp-json\/wp\/v2\/media?parent=12513"}],"wp:term":[{"taxonomy":"category","embeddable":true,"href":"https:\/\/www.abchukuk.com\/index.php\/wp-json\/wp\/v2\/categories?post=12513"},{"taxonomy":"post_tag","embeddable":true,"href":"https:\/\/www.abchukuk.com\/index.php\/wp-json\/wp\/v2\/tags?post=12513"}],"curies":[{"name":"wp","href":"https:\/\/api.w.org\/{rel}","templated":true}]}}