{"id":11586,"date":"2025-11-20T07:31:00","date_gmt":"2025-11-20T07:31:00","guid":{"rendered":"https:\/\/www.abchukuk.com\/index.php\/2025\/11\/20\/11-yargi-paketi-meclise-geldi-mi-bugun-mu-geliyor-yargi-paketi-son-durum-af-gelecek-mi\/"},"modified":"2025-11-20T07:31:00","modified_gmt":"2025-11-20T07:31:00","slug":"11-yargi-paketi-meclise-geldi-mi-bugun-mu-geliyor-yargi-paketi-son-durum-af-gelecek-mi","status":"publish","type":"post","link":"https:\/\/www.abchukuk.com\/index.php\/2025\/11\/20\/11-yargi-paketi-meclise-geldi-mi-bugun-mu-geliyor-yargi-paketi-son-durum-af-gelecek-mi\/","title":{"rendered":"11. Yarg\u0131 Paketi Meclis&#8217;e geldi mi, bug\u00fcn m\u00fc geliyor? Yarg\u0131 paketi son durum&#8230; Af gelecek mi?"},"content":{"rendered":"<p>Yeni yarg\u0131 paketi ile ilgili \u00e7al\u0131\u015fmalar\u0131n tamamlanmas\u0131 sonras\u0131 g\u00f6zler Meclis\u2019e \u00e7evrildi. Kamuoyunda yeni d\u00fczenlemelerin ne zaman g\u00fcndeme al\u0131naca\u011f\u0131 merak ediliyor. \u00d6zellikle ceza ve infaz alan\u0131ndaki ba\u015fl\u0131klar yo\u011fun ilgi g\u00f6r\u00fcyor. Vatanda\u015flar, teklifin hangi a\u015famada oldu\u011funu takip ediyor. Yo\u011fun \u015fekilde &#8220;11. Yarg\u0131 Paketi Meclis&#8217;e geldi mi&#8221; sorusu geliyor.Yeni yarg\u0131 paketi ile ilgili \u00e7al\u0131\u015fmalar\u0131n tamamlanmas\u0131 sonras\u0131 g\u00f6zler Meclis\u2019e \u00e7evrildi. Kamuoyunda yeni d\u00fczenlemelerin ne zaman g\u00fcndeme al\u0131naca\u011f\u0131 merak ediliyor. \u00d6zellikle ceza ve infaz alan\u0131ndaki ba\u015fl\u0131klar yo\u011fun ilgi g\u00f6r\u00fcyor. Vatanda\u015flar, teklifin hangi a\u015famada oldu\u011funu takip ediyor. Yo\u011fun \u015fekilde &#8220;11. Yarg\u0131 Paketi Meclis&#8217;e geldi mi&#8221; sorusu geliyor.\u00a0<a href=\"https:\/\/www.dunya.com\/gundem\/11-yargi-paketi-meclise-geldi-mi-bugun-mu-geliyor-yargi-paketi-son-durum-af-gelecek-mi-haberi-803834\" target=\"_blank\" class=\"feedzy-rss-link-icon\">Read More<\/a><\/p>","protected":false},"excerpt":{"rendered":"<p>Yeni yarg\u0131 paketi ile ilgili \u00e7al\u0131\u015fmalar\u0131n tamamlanmas\u0131 sonras\u0131 g\u00f6zler Meclis\u2019e \u00e7evrildi. Kamuoyunda yeni d\u00fczenlemelerin ne zaman g\u00fcndeme al\u0131naca\u011f\u0131 merak ediliyor. \u00d6zellikle ceza ve infaz alan\u0131ndaki ba\u015fl\u0131klar yo\u011fun ilgi g\u00f6r\u00fcyor. Vatanda\u015flar, teklifin hangi a\u015famada oldu\u011funu takip ediyor. Yo\u011fun \u015fekilde &#8220;11. Yarg\u0131 Paketi Meclis&#8217;e geldi mi&#8221; sorusu geliyor.Yeni yarg\u0131 paketi ile ilgili \u00e7al\u0131\u015fmalar\u0131n tamamlanmas\u0131 sonras\u0131 g\u00f6zler Meclis\u2019e [&hellip;]<\/p>\n","protected":false},"author":1,"featured_media":11587,"comment_status":"open","ping_status":"open","sticky":false,"template":"","format":"standard","meta":{"footnotes":"","_links_to":"","_links_to_target":""},"categories":[1],"tags":[],"class_list":["post-11586","post","type-post","status-publish","format-standard","has-post-thumbnail","hentry","category-haberler"],"_links":{"self":[{"href":"https:\/\/www.abchukuk.com\/index.php\/wp-json\/wp\/v2\/posts\/11586","targetHints":{"allow":["GET"]}}],"collection":[{"href":"https:\/\/www.abchukuk.com\/index.php\/wp-json\/wp\/v2\/posts"}],"about":[{"href":"https:\/\/www.abchukuk.com\/index.php\/wp-json\/wp\/v2\/types\/post"}],"author":[{"embeddable":true,"href":"https:\/\/www.abchukuk.com\/index.php\/wp-json\/wp\/v2\/users\/1"}],"replies":[{"embeddable":true,"href":"https:\/\/www.abchukuk.com\/index.php\/wp-json\/wp\/v2\/comments?post=11586"}],"version-history":[{"count":0,"href":"https:\/\/www.abchukuk.com\/index.php\/wp-json\/wp\/v2\/posts\/11586\/revisions"}],"wp:featuredmedia":[{"embeddable":true,"href":"https:\/\/www.abchukuk.com\/index.php\/wp-json\/wp\/v2\/media\/11587"}],"wp:attachment":[{"href":"https:\/\/www.abchukuk.com\/index.php\/wp-json\/wp\/v2\/media?parent=11586"}],"wp:term":[{"taxonomy":"category","embeddable":true,"href":"https:\/\/www.abchukuk.com\/index.php\/wp-json\/wp\/v2\/categories?post=11586"},{"taxonomy":"post_tag","embeddable":true,"href":"https:\/\/www.abchukuk.com\/index.php\/wp-json\/wp\/v2\/tags?post=11586"}],"curies":[{"name":"wp","href":"https:\/\/api.w.org\/{rel}","templated":true}]}}