{"id":11402,"date":"2025-11-18T01:00:00","date_gmt":"2025-11-18T01:00:00","guid":{"rendered":"https:\/\/www.abchukuk.com\/index.php\/2025\/11\/18\/icisleri-bakanliginin-butce-gorusmesinde-bakana-tutuklu-belediye-baskanlari-ve-surec-icin-tepki-gosterildi-organize-kotulugu-akp-yapiyor\/"},"modified":"2025-11-18T01:00:00","modified_gmt":"2025-11-18T01:00:00","slug":"icisleri-bakanliginin-butce-gorusmesinde-bakana-tutuklu-belediye-baskanlari-ve-surec-icin-tepki-gosterildi-organize-kotulugu-akp-yapiyor","status":"publish","type":"post","link":"https:\/\/www.abchukuk.com\/index.php\/2025\/11\/18\/icisleri-bakanliginin-butce-gorusmesinde-bakana-tutuklu-belediye-baskanlari-ve-surec-icin-tepki-gosterildi-organize-kotulugu-akp-yapiyor\/","title":{"rendered":"\u0130\u00e7i\u015fleri Bakanl\u0131\u011f\u0131\u2019n\u0131n b\u00fct\u00e7e g\u00f6r\u00fc\u015fmesinde bakana tutuklu belediye ba\u015fkanlar\u0131 ve s\u00fcre\u00e7 i\u00e7in tepki g\u00f6sterildi: \u2018Organize k\u00f6t\u00fcl\u00fc\u011f\u00fc AKP yap\u0131yor\u2019"},"content":{"rendered":"<p>\u0130\u00e7i\u015fleri Bakanl\u0131\u011f\u0131&#8217;n\u0131n b\u00fct\u00e7e g\u00f6r\u00fc\u015fmelerinde CHP, Cumhurba\u015fkan\u0131 Aday\u0131 Ekrem \u0130mamo\u011flu&#8217;na ili\u015fkin \u00f6zg\u00fcrl\u00fck talebinde bulunulan d\u00f6vizleri ve \u00fcst\u00fcnde tutuklu belediye ba\u015fkanlar\u0131n\u0131n foto\u011fraflar\u0131 olan se\u00e7im sand\u0131\u011f\u0131n\u0131 komisyon salonuna getirerek protesto d\u00fczenledi. CHP Malatya Milletvekili Veli A\u011fbaba; \u201c19 Mart\u2019tan sonra ba\u015flayan darbe s\u00fcrecinde 12 Eyl\u00fcl de bile ya\u015fanmayan \u015feyler ya\u015fan\u0131yor. Bu organize k\u00f6t\u00fcl\u00fc\u011f\u00fc AKP yap\u0131yor\u201d dedi. \u0130Y\u0130 Parti Antalya Milletvekili U\u011fur Poyraz ise s\u00fcrece de\u011finerek; \u201cMeclis&#8217;te paralel komisyon kurup, \u0130mral\u0131\u2019ya ayak basma yar\u0131\u015f\u0131na girdiniz, T\u00fcrk polisini her d\u00f6nemde siyasete ezdirip, kullan\u0131p kullan\u0131p bir k\u00f6\u015feye att\u0131n\u0131z\u201d ifadelerini kulland\u0131.\u0130\u00e7i\u015fleri Bakanl\u0131\u011f\u0131&#8217;n\u0131n b\u00fct\u00e7e g\u00f6r\u00fc\u015fmelerinde CHP, Cumhurba\u015fkan\u0131 Aday\u0131 Ekrem \u0130mamo\u011flu&#8217;na ili\u015fkin \u00f6zg\u00fcrl\u00fck talebinde bulunulan d\u00f6vizleri ve \u00fcst\u00fcnde tutuklu belediye ba\u015fkanlar\u0131n\u0131n foto\u011fraflar\u0131 olan se\u00e7im sand\u0131\u011f\u0131n\u0131 komisyon salonuna getirerek protesto d\u00fczenledi. CHP Malatya Milletvekili Veli A\u011fbaba; \u201c19 Mart\u2019tan sonra ba\u015flayan darbe s\u00fcrecinde 12 Eyl\u00fcl de bile ya\u015fanmayan \u015feyler ya\u015fan\u0131yor. Bu organize k\u00f6t\u00fcl\u00fc\u011f\u00fc AKP yap\u0131yor\u201d dedi. \u0130Y\u0130 Parti Antalya Milletvekili U\u011fur Poyraz ise s\u00fcrece de\u011finerek; \u201cMeclis&#8217;te paralel komisyon kurup, \u0130mral\u0131\u2019ya ayak basma yar\u0131\u015f\u0131na girdiniz, T\u00fcrk polisini her d\u00f6nemde siyasete ezdirip, kullan\u0131p kullan\u0131p bir k\u00f6\u015feye att\u0131n\u0131z\u201d ifadelerini kulland\u0131.\u00a0<a href=\"https:\/\/www.cumhuriyet.com.tr\/siyaset\/icisleri-bakanligi-nin-butce-gorusmesinde-bakana-tutuklu-belediye-baskanlari-ve-surec-icin-tepki-gosterildi-organize-kotulugu-akp-yapiyor-2453619\" target=\"_blank\" class=\"feedzy-rss-link-icon\">Read More<\/a><\/p>","protected":false},"excerpt":{"rendered":"<p>\u0130\u00e7i\u015fleri Bakanl\u0131\u011f\u0131&#8217;n\u0131n b\u00fct\u00e7e g\u00f6r\u00fc\u015fmelerinde CHP, Cumhurba\u015fkan\u0131 Aday\u0131 Ekrem \u0130mamo\u011flu&#8217;na ili\u015fkin \u00f6zg\u00fcrl\u00fck talebinde bulunulan d\u00f6vizleri ve \u00fcst\u00fcnde tutuklu belediye ba\u015fkanlar\u0131n\u0131n foto\u011fraflar\u0131 olan se\u00e7im sand\u0131\u011f\u0131n\u0131 komisyon salonuna getirerek protesto d\u00fczenledi. CHP Malatya Milletvekili Veli A\u011fbaba; \u201c19 Mart\u2019tan sonra ba\u015flayan darbe s\u00fcrecinde 12 Eyl\u00fcl de bile ya\u015fanmayan \u015feyler ya\u015fan\u0131yor. Bu organize k\u00f6t\u00fcl\u00fc\u011f\u00fc AKP yap\u0131yor\u201d dedi. \u0130Y\u0130 Parti Antalya [&hellip;]<\/p>\n","protected":false},"author":1,"featured_media":11403,"comment_status":"open","ping_status":"open","sticky":false,"template":"","format":"standard","meta":{"footnotes":"","_links_to":"","_links_to_target":""},"categories":[1],"tags":[],"class_list":["post-11402","post","type-post","status-publish","format-standard","has-post-thumbnail","hentry","category-haberler"],"_links":{"self":[{"href":"https:\/\/www.abchukuk.com\/index.php\/wp-json\/wp\/v2\/posts\/11402","targetHints":{"allow":["GET"]}}],"collection":[{"href":"https:\/\/www.abchukuk.com\/index.php\/wp-json\/wp\/v2\/posts"}],"about":[{"href":"https:\/\/www.abchukuk.com\/index.php\/wp-json\/wp\/v2\/types\/post"}],"author":[{"embeddable":true,"href":"https:\/\/www.abchukuk.com\/index.php\/wp-json\/wp\/v2\/users\/1"}],"replies":[{"embeddable":true,"href":"https:\/\/www.abchukuk.com\/index.php\/wp-json\/wp\/v2\/comments?post=11402"}],"version-history":[{"count":0,"href":"https:\/\/www.abchukuk.com\/index.php\/wp-json\/wp\/v2\/posts\/11402\/revisions"}],"wp:featuredmedia":[{"embeddable":true,"href":"https:\/\/www.abchukuk.com\/index.php\/wp-json\/wp\/v2\/media\/11403"}],"wp:attachment":[{"href":"https:\/\/www.abchukuk.com\/index.php\/wp-json\/wp\/v2\/media?parent=11402"}],"wp:term":[{"taxonomy":"category","embeddable":true,"href":"https:\/\/www.abchukuk.com\/index.php\/wp-json\/wp\/v2\/categories?post=11402"},{"taxonomy":"post_tag","embeddable":true,"href":"https:\/\/www.abchukuk.com\/index.php\/wp-json\/wp\/v2\/tags?post=11402"}],"curies":[{"name":"wp","href":"https:\/\/api.w.org\/{rel}","templated":true}]}}