{"id":11400,"date":"2025-11-17T22:38:52","date_gmt":"2025-11-17T22:38:52","guid":{"rendered":"https:\/\/www.abchukuk.com\/index.php\/2025\/11\/17\/sanliurfada-2-iscinin-oldugu-insaatin-sahibine-gozalti\/"},"modified":"2025-11-17T22:38:52","modified_gmt":"2025-11-17T22:38:52","slug":"sanliurfada-2-iscinin-oldugu-insaatin-sahibine-gozalti","status":"publish","type":"post","link":"https:\/\/www.abchukuk.com\/index.php\/2025\/11\/17\/sanliurfada-2-iscinin-oldugu-insaatin-sahibine-gozalti\/","title":{"rendered":"\u015eanl\u0131urfa&#8217;da 2 i\u015f\u00e7inin \u00f6ld\u00fc\u011f\u00fc in\u015faat\u0131n sahibine g\u00f6zalt\u0131"},"content":{"rendered":"<p>\u015eanl\u0131urfa&#8217;da 2 i\u015f\u00e7inin hayat\u0131n\u0131 kaybetti\u011fi \u00e7\u00f6ken in\u015faat\u0131n sahibi, ba\u015fsavc\u0131l\u0131k taraf\u0131ndan ba\u015flat\u0131lan soru\u015fturma kapsam\u0131nda g\u00f6zalt\u0131na al\u0131nd\u0131\u015eanl\u0131urfa&#8217;da 2 i\u015f\u00e7inin hayat\u0131n\u0131 kaybetti\u011fi \u00e7\u00f6ken in\u015faat\u0131n sahibi, ba\u015fsavc\u0131l\u0131k taraf\u0131ndan ba\u015flat\u0131lan soru\u015fturma kapsam\u0131nda g\u00f6zalt\u0131na al\u0131nd\u0131\u00a0<a href=\"https:\/\/www.haberturk.com\/sanliurfa-da-2-iscinin-oldugu-insaatin-sahibine-gozalti-3838564\" target=\"_blank\" class=\"feedzy-rss-link-icon\">Read More<\/a><\/p>","protected":false},"excerpt":{"rendered":"<p>\u015eanl\u0131urfa&#8217;da 2 i\u015f\u00e7inin hayat\u0131n\u0131 kaybetti\u011fi \u00e7\u00f6ken in\u015faat\u0131n sahibi, ba\u015fsavc\u0131l\u0131k taraf\u0131ndan ba\u015flat\u0131lan soru\u015fturma kapsam\u0131nda g\u00f6zalt\u0131na al\u0131nd\u0131\u015eanl\u0131urfa&#8217;da 2 i\u015f\u00e7inin hayat\u0131n\u0131 kaybetti\u011fi \u00e7\u00f6ken in\u015faat\u0131n sahibi, ba\u015fsavc\u0131l\u0131k taraf\u0131ndan ba\u015flat\u0131lan soru\u015fturma kapsam\u0131nda g\u00f6zalt\u0131na al\u0131nd\u0131\u00a0Read More<\/p>\n","protected":false},"author":1,"featured_media":0,"comment_status":"open","ping_status":"open","sticky":false,"template":"","format":"standard","meta":{"footnotes":"","_links_to":"","_links_to_target":""},"categories":[1],"tags":[],"class_list":["post-11400","post","type-post","status-publish","format-standard","hentry","category-haberler"],"_links":{"self":[{"href":"https:\/\/www.abchukuk.com\/index.php\/wp-json\/wp\/v2\/posts\/11400","targetHints":{"allow":["GET"]}}],"collection":[{"href":"https:\/\/www.abchukuk.com\/index.php\/wp-json\/wp\/v2\/posts"}],"about":[{"href":"https:\/\/www.abchukuk.com\/index.php\/wp-json\/wp\/v2\/types\/post"}],"author":[{"embeddable":true,"href":"https:\/\/www.abchukuk.com\/index.php\/wp-json\/wp\/v2\/users\/1"}],"replies":[{"embeddable":true,"href":"https:\/\/www.abchukuk.com\/index.php\/wp-json\/wp\/v2\/comments?post=11400"}],"version-history":[{"count":0,"href":"https:\/\/www.abchukuk.com\/index.php\/wp-json\/wp\/v2\/posts\/11400\/revisions"}],"wp:attachment":[{"href":"https:\/\/www.abchukuk.com\/index.php\/wp-json\/wp\/v2\/media?parent=11400"}],"wp:term":[{"taxonomy":"category","embeddable":true,"href":"https:\/\/www.abchukuk.com\/index.php\/wp-json\/wp\/v2\/categories?post=11400"},{"taxonomy":"post_tag","embeddable":true,"href":"https:\/\/www.abchukuk.com\/index.php\/wp-json\/wp\/v2\/tags?post=11400"}],"curies":[{"name":"wp","href":"https:\/\/api.w.org\/{rel}","templated":true}]}}