{"id":11398,"date":"2025-11-17T09:28:20","date_gmt":"2025-11-17T09:28:20","guid":{"rendered":"https:\/\/www.abchukuk.com\/index.php\/2025\/11\/17\/aslihanin-olumunde-yeni-iddianame-kasten-oldurmeden-yargilanacak\/"},"modified":"2025-11-17T09:28:20","modified_gmt":"2025-11-17T09:28:20","slug":"aslihanin-olumunde-yeni-iddianame-kasten-oldurmeden-yargilanacak","status":"publish","type":"post","link":"https:\/\/www.abchukuk.com\/index.php\/2025\/11\/17\/aslihanin-olumunde-yeni-iddianame-kasten-oldurmeden-yargilanacak\/","title":{"rendered":"Asl\u0131han&#8217;\u0131n \u00f6l\u00fcm\u00fcnde yeni iddianame! &#8216;Kasten \u00f6ld\u00fcrme&#8217;den yarg\u0131lanacak!"},"content":{"rendered":"<p>\u0130zmir&#8217;de \u015f\u00fcpheli bir \u015fekilde hayat\u0131n\u0131 kaybeden Asl\u0131han Sinem \u00c7i\u00e7ek davas\u0131nda yeni bir geli\u015fme ya\u015fand\u0131. Ek iddianamenin haz\u0131rland\u0131\u011f\u0131 olayda san\u0131k Cem Acar hakk\u0131nda &#8216;Kasten \u00f6ld\u00fcrme&#8217; ve &#8216;Uyar\u0131c\u0131 madde ticareti yapma veya sa\u011flama&#8217; su\u00e7undan dava a\u00e7\u0131ld\u0131\u0130zmir&#8217;de \u015f\u00fcpheli bir \u015fekilde hayat\u0131n\u0131 kaybeden Asl\u0131han Sinem \u00c7i\u00e7ek davas\u0131nda yeni bir geli\u015fme ya\u015fand\u0131. Ek iddianamenin haz\u0131rland\u0131\u011f\u0131 olayda san\u0131k Cem Acar hakk\u0131nda &#8216;Kasten \u00f6ld\u00fcrme&#8217; ve &#8216;Uyar\u0131c\u0131 madde ticareti yapma veya sa\u011flama&#8217; su\u00e7undan dava a\u00e7\u0131ld\u0131\u00a0<a href=\"https:\/\/www.haberturk.com\/son-dakika-haberi-aslihan-in-olumunde-yeni-iddianame-kasten-oldurme-den-yargilanacak-3838414\" target=\"_blank\" class=\"feedzy-rss-link-icon\">Read More<\/a><\/p>","protected":false},"excerpt":{"rendered":"<p>\u0130zmir&#8217;de \u015f\u00fcpheli bir \u015fekilde hayat\u0131n\u0131 kaybeden Asl\u0131han Sinem \u00c7i\u00e7ek davas\u0131nda yeni bir geli\u015fme ya\u015fand\u0131. Ek iddianamenin haz\u0131rland\u0131\u011f\u0131 olayda san\u0131k Cem Acar hakk\u0131nda &#8216;Kasten \u00f6ld\u00fcrme&#8217; ve &#8216;Uyar\u0131c\u0131 madde ticareti yapma veya sa\u011flama&#8217; su\u00e7undan dava a\u00e7\u0131ld\u0131\u0130zmir&#8217;de \u015f\u00fcpheli bir \u015fekilde hayat\u0131n\u0131 kaybeden Asl\u0131han Sinem \u00c7i\u00e7ek davas\u0131nda yeni bir geli\u015fme ya\u015fand\u0131. Ek iddianamenin haz\u0131rland\u0131\u011f\u0131 olayda san\u0131k Cem Acar hakk\u0131nda [&hellip;]<\/p>\n","protected":false},"author":1,"featured_media":0,"comment_status":"open","ping_status":"open","sticky":false,"template":"","format":"standard","meta":{"footnotes":"","_links_to":"","_links_to_target":""},"categories":[1],"tags":[],"class_list":["post-11398","post","type-post","status-publish","format-standard","hentry","category-haberler"],"_links":{"self":[{"href":"https:\/\/www.abchukuk.com\/index.php\/wp-json\/wp\/v2\/posts\/11398","targetHints":{"allow":["GET"]}}],"collection":[{"href":"https:\/\/www.abchukuk.com\/index.php\/wp-json\/wp\/v2\/posts"}],"about":[{"href":"https:\/\/www.abchukuk.com\/index.php\/wp-json\/wp\/v2\/types\/post"}],"author":[{"embeddable":true,"href":"https:\/\/www.abchukuk.com\/index.php\/wp-json\/wp\/v2\/users\/1"}],"replies":[{"embeddable":true,"href":"https:\/\/www.abchukuk.com\/index.php\/wp-json\/wp\/v2\/comments?post=11398"}],"version-history":[{"count":0,"href":"https:\/\/www.abchukuk.com\/index.php\/wp-json\/wp\/v2\/posts\/11398\/revisions"}],"wp:attachment":[{"href":"https:\/\/www.abchukuk.com\/index.php\/wp-json\/wp\/v2\/media?parent=11398"}],"wp:term":[{"taxonomy":"category","embeddable":true,"href":"https:\/\/www.abchukuk.com\/index.php\/wp-json\/wp\/v2\/categories?post=11398"},{"taxonomy":"post_tag","embeddable":true,"href":"https:\/\/www.abchukuk.com\/index.php\/wp-json\/wp\/v2\/tags?post=11398"}],"curies":[{"name":"wp","href":"https:\/\/api.w.org\/{rel}","templated":true}]}}