{"id":11397,"date":"2025-11-17T11:59:16","date_gmt":"2025-11-17T11:59:16","guid":{"rendered":"https:\/\/www.abchukuk.com\/index.php\/2025\/11\/17\/11-yargi-paketi-son-durum-4\/"},"modified":"2025-11-17T11:59:16","modified_gmt":"2025-11-17T11:59:16","slug":"11-yargi-paketi-son-durum-4","status":"publish","type":"post","link":"https:\/\/www.abchukuk.com\/index.php\/2025\/11\/17\/11-yargi-paketi-son-durum-4\/","title":{"rendered":"11. Yarg\u0131 Paketi son durum"},"content":{"rendered":"<p>11. Yarg\u0131 Paketi son durum geli\u015fmeleri yak\u0131ndan takip ediliyor. Yeni Yarg\u0131 Paketi\u2019nin i\u00e7eri\u011finde yer alan d\u00fczenlemeler ara\u015ft\u0131r\u0131l\u0131yor. Yakla\u015f\u0131k 40 maddeden olu\u015fmas\u0131 beklenen pakette genel af ya da infaz indirimi olup olmayaca\u011f\u0131 mahkum ve yak\u0131nlar\u0131 taraf\u0131ndan merak ediyor. Bir\u00e7ok su\u00e7ta cezalar\u0131n art\u0131r\u0131lmas\u0131n\u0131 \u00f6ng\u00f6ren 11. Yarg\u0131 Paketi Meclis&#8217;e geldi mi, ne zaman \u00e7\u0131kacak, infaz d\u00fczenlemesi ve genel af var m\u0131? \u0130\u015fte 11. Yarg\u0131 Paketi i\u00e7eri\u011fi ve maddeleri hakk\u0131nda g\u00fcncel bilgiler&#8230;11. Yarg\u0131 Paketi son durum geli\u015fmeleri yak\u0131ndan takip ediliyor. Yeni Yarg\u0131 Paketi\u2019nin i\u00e7eri\u011finde yer alan d\u00fczenlemeler ara\u015ft\u0131r\u0131l\u0131yor. Yakla\u015f\u0131k 40 maddeden olu\u015fmas\u0131 beklenen pakette genel af ya da infaz indirimi olup olmayaca\u011f\u0131 mahkum ve yak\u0131nlar\u0131 taraf\u0131ndan merak ediyor. Bir\u00e7ok su\u00e7ta cezalar\u0131n art\u0131r\u0131lmas\u0131n\u0131 \u00f6ng\u00f6ren 11. Yarg\u0131 Paketi Meclis&#8217;e geldi mi, ne zaman \u00e7\u0131kacak, infaz d\u00fczenlemesi ve genel af var m\u0131? \u0130\u015fte 11. Yarg\u0131 Paketi i\u00e7eri\u011fi ve maddeleri hakk\u0131nda g\u00fcncel bilgiler&#8230;\u00a0<a href=\"https:\/\/www.haberturk.com\/11-yargi-paketi-son-durum-2025-11-yargi-paketi-meclise-geliyor-11-yargi-paketi-maddeleri-neler-infaz-duzenlemesi-ve-genel-af-var-mi-ne-zaman-cikacak-3837587\" target=\"_blank\" class=\"feedzy-rss-link-icon\">Read More<\/a><\/p>","protected":false},"excerpt":{"rendered":"<p>11. Yarg\u0131 Paketi son durum geli\u015fmeleri yak\u0131ndan takip ediliyor. Yeni Yarg\u0131 Paketi\u2019nin i\u00e7eri\u011finde yer alan d\u00fczenlemeler ara\u015ft\u0131r\u0131l\u0131yor. Yakla\u015f\u0131k 40 maddeden olu\u015fmas\u0131 beklenen pakette genel af ya da infaz indirimi olup olmayaca\u011f\u0131 mahkum ve yak\u0131nlar\u0131 taraf\u0131ndan merak ediyor. Bir\u00e7ok su\u00e7ta cezalar\u0131n art\u0131r\u0131lmas\u0131n\u0131 \u00f6ng\u00f6ren 11. Yarg\u0131 Paketi Meclis&#8217;e geldi mi, ne zaman \u00e7\u0131kacak, infaz d\u00fczenlemesi ve genel [&hellip;]<\/p>\n","protected":false},"author":1,"featured_media":0,"comment_status":"open","ping_status":"open","sticky":false,"template":"","format":"standard","meta":{"footnotes":"","_links_to":"","_links_to_target":""},"categories":[1],"tags":[],"class_list":["post-11397","post","type-post","status-publish","format-standard","hentry","category-haberler"],"_links":{"self":[{"href":"https:\/\/www.abchukuk.com\/index.php\/wp-json\/wp\/v2\/posts\/11397","targetHints":{"allow":["GET"]}}],"collection":[{"href":"https:\/\/www.abchukuk.com\/index.php\/wp-json\/wp\/v2\/posts"}],"about":[{"href":"https:\/\/www.abchukuk.com\/index.php\/wp-json\/wp\/v2\/types\/post"}],"author":[{"embeddable":true,"href":"https:\/\/www.abchukuk.com\/index.php\/wp-json\/wp\/v2\/users\/1"}],"replies":[{"embeddable":true,"href":"https:\/\/www.abchukuk.com\/index.php\/wp-json\/wp\/v2\/comments?post=11397"}],"version-history":[{"count":0,"href":"https:\/\/www.abchukuk.com\/index.php\/wp-json\/wp\/v2\/posts\/11397\/revisions"}],"wp:attachment":[{"href":"https:\/\/www.abchukuk.com\/index.php\/wp-json\/wp\/v2\/media?parent=11397"}],"wp:term":[{"taxonomy":"category","embeddable":true,"href":"https:\/\/www.abchukuk.com\/index.php\/wp-json\/wp\/v2\/categories?post=11397"},{"taxonomy":"post_tag","embeddable":true,"href":"https:\/\/www.abchukuk.com\/index.php\/wp-json\/wp\/v2\/tags?post=11397"}],"curies":[{"name":"wp","href":"https:\/\/api.w.org\/{rel}","templated":true}]}}