{"id":11396,"date":"2025-11-17T16:53:42","date_gmt":"2025-11-17T16:53:42","guid":{"rendered":"https:\/\/www.abchukuk.com\/index.php\/2025\/11\/17\/cektigi-dugun-fotografindan-izinsiz-album-yapti-yargitaydan-emsal-karar\/"},"modified":"2025-11-17T16:53:42","modified_gmt":"2025-11-17T16:53:42","slug":"cektigi-dugun-fotografindan-izinsiz-album-yapti-yargitaydan-emsal-karar","status":"publish","type":"post","link":"https:\/\/www.abchukuk.com\/index.php\/2025\/11\/17\/cektigi-dugun-fotografindan-izinsiz-album-yapti-yargitaydan-emsal-karar\/","title":{"rendered":"\u00c7ekti\u011fi d\u00fc\u011f\u00fcn foto\u011fraf\u0131ndan izinsiz alb\u00fcm yapt\u0131! Yarg\u0131tay&#8217;dan emsal karar!"},"content":{"rendered":"<p>Yarg\u0131tay 12. Ceza Dairesi, d\u00fc\u011f\u00fcn foto\u011fraflar\u0131n\u0131n izin al\u0131nmadan alb\u00fcm yap\u0131l\u0131p m\u00fc\u015fterilere \u00f6rnek olarak g\u00f6sterilmesinin, &#8220;verileri hukuka ayk\u0131r\u0131 olarak verme veya ele ge\u00e7irme&#8221; su\u00e7unu olu\u015fturdu\u011funa h\u00fckmetti. San\u0131k,\u00a0&#8220;verileri hukuka ayk\u0131r\u0131 olarak verme veya ele ge\u00e7irme&#8221; su\u00e7undan 1 y\u0131l 8 ay hapse mahkum edildiYarg\u0131tay 12. Ceza Dairesi, d\u00fc\u011f\u00fcn foto\u011fraflar\u0131n\u0131n izin al\u0131nmadan alb\u00fcm yap\u0131l\u0131p m\u00fc\u015fterilere \u00f6rnek olarak g\u00f6sterilmesinin, &#8220;verileri hukuka ayk\u0131r\u0131 olarak verme veya ele ge\u00e7irme&#8221; su\u00e7unu olu\u015fturdu\u011funa h\u00fckmetti. San\u0131k,\u00a0&#8220;verileri hukuka ayk\u0131r\u0131 olarak verme veya ele ge\u00e7irme&#8221; su\u00e7undan 1 y\u0131l 8 ay hapse mahkum edildi\u00a0<a href=\"https:\/\/www.haberturk.com\/cektigi-dugun-fotografindan-izinsiz-album-yapti-yargitay-dan-emsal-karar-son-dakika-haber-3838431\" target=\"_blank\" class=\"feedzy-rss-link-icon\">Read More<\/a><\/p>","protected":false},"excerpt":{"rendered":"<p>Yarg\u0131tay 12. Ceza Dairesi, d\u00fc\u011f\u00fcn foto\u011fraflar\u0131n\u0131n izin al\u0131nmadan alb\u00fcm yap\u0131l\u0131p m\u00fc\u015fterilere \u00f6rnek olarak g\u00f6sterilmesinin, &#8220;verileri hukuka ayk\u0131r\u0131 olarak verme veya ele ge\u00e7irme&#8221; su\u00e7unu olu\u015fturdu\u011funa h\u00fckmetti. San\u0131k,\u00a0&#8220;verileri hukuka ayk\u0131r\u0131 olarak verme veya ele ge\u00e7irme&#8221; su\u00e7undan 1 y\u0131l 8 ay hapse mahkum edildiYarg\u0131tay 12. Ceza Dairesi, d\u00fc\u011f\u00fcn foto\u011fraflar\u0131n\u0131n izin al\u0131nmadan alb\u00fcm yap\u0131l\u0131p m\u00fc\u015fterilere \u00f6rnek olarak g\u00f6sterilmesinin, &#8220;verileri [&hellip;]<\/p>\n","protected":false},"author":1,"featured_media":0,"comment_status":"open","ping_status":"open","sticky":false,"template":"","format":"standard","meta":{"footnotes":"","_links_to":"","_links_to_target":""},"categories":[1],"tags":[],"class_list":["post-11396","post","type-post","status-publish","format-standard","hentry","category-haberler"],"_links":{"self":[{"href":"https:\/\/www.abchukuk.com\/index.php\/wp-json\/wp\/v2\/posts\/11396","targetHints":{"allow":["GET"]}}],"collection":[{"href":"https:\/\/www.abchukuk.com\/index.php\/wp-json\/wp\/v2\/posts"}],"about":[{"href":"https:\/\/www.abchukuk.com\/index.php\/wp-json\/wp\/v2\/types\/post"}],"author":[{"embeddable":true,"href":"https:\/\/www.abchukuk.com\/index.php\/wp-json\/wp\/v2\/users\/1"}],"replies":[{"embeddable":true,"href":"https:\/\/www.abchukuk.com\/index.php\/wp-json\/wp\/v2\/comments?post=11396"}],"version-history":[{"count":0,"href":"https:\/\/www.abchukuk.com\/index.php\/wp-json\/wp\/v2\/posts\/11396\/revisions"}],"wp:attachment":[{"href":"https:\/\/www.abchukuk.com\/index.php\/wp-json\/wp\/v2\/media?parent=11396"}],"wp:term":[{"taxonomy":"category","embeddable":true,"href":"https:\/\/www.abchukuk.com\/index.php\/wp-json\/wp\/v2\/categories?post=11396"},{"taxonomy":"post_tag","embeddable":true,"href":"https:\/\/www.abchukuk.com\/index.php\/wp-json\/wp\/v2\/tags?post=11396"}],"curies":[{"name":"wp","href":"https:\/\/api.w.org\/{rel}","templated":true}]}}