{"id":11395,"date":"2025-11-17T19:30:52","date_gmt":"2025-11-17T19:30:52","guid":{"rendered":"https:\/\/www.abchukuk.com\/index.php\/2025\/11\/17\/mescid-i-aksa-imam-hatibi-israil-mahkemesinde-yargilanacak\/"},"modified":"2025-11-17T19:30:52","modified_gmt":"2025-11-17T19:30:52","slug":"mescid-i-aksa-imam-hatibi-israil-mahkemesinde-yargilanacak","status":"publish","type":"post","link":"https:\/\/www.abchukuk.com\/index.php\/2025\/11\/17\/mescid-i-aksa-imam-hatibi-israil-mahkemesinde-yargilanacak\/","title":{"rendered":"Mescid-i Aksa \u0130mam Hatibi, \u0130srail mahkemesinde yarg\u0131lanacak"},"content":{"rendered":"<p>Mescid-i Aksa&#8217;n\u0131n \u0130mam Hatibi ve Kud\u00fcs Y\u00fcksek \u0130slam Heyeti Ba\u015fkan\u0131 \u015eeyh \u0130krime Sabri&#8217;nin &#8220;k\u0131\u015fk\u0131rtma&#8221; su\u00e7lamas\u0131yla \u0130srail&#8217;e ba\u011fl\u0131 Kud\u00fcs Sulh Mahkemesinde yarg\u0131lanaca\u011f\u0131 ifade edildi.Mescid-i Aksa&#8217;n\u0131n \u0130mam Hatibi ve Kud\u00fcs Y\u00fcksek \u0130slam Heyeti Ba\u015fkan\u0131 \u015eeyh \u0130krime Sabri&#8217;nin &#8220;k\u0131\u015fk\u0131rtma&#8221; su\u00e7lamas\u0131yla \u0130srail&#8217;e ba\u011fl\u0131 Kud\u00fcs Sulh Mahkemesinde yarg\u0131lanaca\u011f\u0131 ifade edildi.\u00a0<a href=\"https:\/\/www.haberturk.com\/mescid-i-aksa-imam-hatibi-israil-mahkemesinde-yargilanacak-3838538\" target=\"_blank\" class=\"feedzy-rss-link-icon\">Read More<\/a><\/p>","protected":false},"excerpt":{"rendered":"<p>Mescid-i Aksa&#8217;n\u0131n \u0130mam Hatibi ve Kud\u00fcs Y\u00fcksek \u0130slam Heyeti Ba\u015fkan\u0131 \u015eeyh \u0130krime Sabri&#8217;nin &#8220;k\u0131\u015fk\u0131rtma&#8221; su\u00e7lamas\u0131yla \u0130srail&#8217;e ba\u011fl\u0131 Kud\u00fcs Sulh Mahkemesinde yarg\u0131lanaca\u011f\u0131 ifade edildi.Mescid-i Aksa&#8217;n\u0131n \u0130mam Hatibi ve Kud\u00fcs Y\u00fcksek \u0130slam Heyeti Ba\u015fkan\u0131 \u015eeyh \u0130krime Sabri&#8217;nin &#8220;k\u0131\u015fk\u0131rtma&#8221; su\u00e7lamas\u0131yla \u0130srail&#8217;e ba\u011fl\u0131 Kud\u00fcs Sulh Mahkemesinde yarg\u0131lanaca\u011f\u0131 ifade edildi.\u00a0Read More<\/p>\n","protected":false},"author":1,"featured_media":0,"comment_status":"open","ping_status":"open","sticky":false,"template":"","format":"standard","meta":{"footnotes":"","_links_to":"","_links_to_target":""},"categories":[1],"tags":[],"class_list":["post-11395","post","type-post","status-publish","format-standard","hentry","category-haberler"],"_links":{"self":[{"href":"https:\/\/www.abchukuk.com\/index.php\/wp-json\/wp\/v2\/posts\/11395","targetHints":{"allow":["GET"]}}],"collection":[{"href":"https:\/\/www.abchukuk.com\/index.php\/wp-json\/wp\/v2\/posts"}],"about":[{"href":"https:\/\/www.abchukuk.com\/index.php\/wp-json\/wp\/v2\/types\/post"}],"author":[{"embeddable":true,"href":"https:\/\/www.abchukuk.com\/index.php\/wp-json\/wp\/v2\/users\/1"}],"replies":[{"embeddable":true,"href":"https:\/\/www.abchukuk.com\/index.php\/wp-json\/wp\/v2\/comments?post=11395"}],"version-history":[{"count":0,"href":"https:\/\/www.abchukuk.com\/index.php\/wp-json\/wp\/v2\/posts\/11395\/revisions"}],"wp:attachment":[{"href":"https:\/\/www.abchukuk.com\/index.php\/wp-json\/wp\/v2\/media?parent=11395"}],"wp:term":[{"taxonomy":"category","embeddable":true,"href":"https:\/\/www.abchukuk.com\/index.php\/wp-json\/wp\/v2\/categories?post=11395"},{"taxonomy":"post_tag","embeddable":true,"href":"https:\/\/www.abchukuk.com\/index.php\/wp-json\/wp\/v2\/tags?post=11395"}],"curies":[{"name":"wp","href":"https:\/\/api.w.org\/{rel}","templated":true}]}}