{"id":11374,"date":"2025-11-17T16:35:00","date_gmt":"2025-11-17T16:35:00","guid":{"rendered":"https:\/\/www.abchukuk.com\/index.php\/2025\/11\/17\/dilek-kaya-imamoglu-herkesin-gozu-onunde-acik-seffaf-ve-tarafsiz-bir-yargilama-yapilana-kadar-susmayacagim\/"},"modified":"2025-11-17T16:35:00","modified_gmt":"2025-11-17T16:35:00","slug":"dilek-kaya-imamoglu-herkesin-gozu-onunde-acik-seffaf-ve-tarafsiz-bir-yargilama-yapilana-kadar-susmayacagim","status":"publish","type":"post","link":"https:\/\/www.abchukuk.com\/index.php\/2025\/11\/17\/dilek-kaya-imamoglu-herkesin-gozu-onunde-acik-seffaf-ve-tarafsiz-bir-yargilama-yapilana-kadar-susmayacagim\/","title":{"rendered":"Dilek Kaya \u0130mamo\u011flu: \u201cHerkesin g\u00f6z\u00fc \u00f6n\u00fcnde a\u00e7\u0131k, \u015feffaf ve tarafs\u0131z bir yarg\u0131lama yap\u0131lana kadar susmayaca\u011f\u0131m\u201d"},"content":{"rendered":"<p>Dilek Kaya \u0130mamo\u011flu, adaletin siyasetin g\u00f6lgesinde kald\u0131\u011f\u0131n\u0131 s\u00f6yleyerek t\u00fcm partilere ve hukuk kurumlar\u0131na \u00e7a\u011fr\u0131 yapt\u0131. \u015eeffaf ve tarafs\u0131z yarg\u0131lama sa\u011flanana kadar susmayaca\u011f\u0131n\u0131, adalet m\u00fccadelesinin milyonlar\u0131n ortak sesi oldu\u011funu vurgulad\u0131.Dilek Kaya \u0130mamo\u011flu, adaletin siyasetin g\u00f6lgesinde kald\u0131\u011f\u0131n\u0131 s\u00f6yleyerek t\u00fcm partilere ve hukuk kurumlar\u0131na \u00e7a\u011fr\u0131 yapt\u0131. \u015eeffaf ve tarafs\u0131z yarg\u0131lama sa\u011flanana kadar susmayaca\u011f\u0131n\u0131, adalet m\u00fccadelesinin milyonlar\u0131n ortak sesi oldu\u011funu vurgulad\u0131.\u00a0<a href=\"https:\/\/www.cumhuriyet.com.tr\/turkiye\/dilek-kaya-imamoglu-herkesin-gozu-onunde-acik-seffaf-ve-tarafsiz-bir-yargilama-yapilana-kadar-susmayacagim-2453566\" target=\"_blank\" class=\"feedzy-rss-link-icon\">Read More<\/a><\/p>","protected":false},"excerpt":{"rendered":"<p>Dilek Kaya \u0130mamo\u011flu, adaletin siyasetin g\u00f6lgesinde kald\u0131\u011f\u0131n\u0131 s\u00f6yleyerek t\u00fcm partilere ve hukuk kurumlar\u0131na \u00e7a\u011fr\u0131 yapt\u0131. \u015eeffaf ve tarafs\u0131z yarg\u0131lama sa\u011flanana kadar susmayaca\u011f\u0131n\u0131, adalet m\u00fccadelesinin milyonlar\u0131n ortak sesi oldu\u011funu vurgulad\u0131.Dilek Kaya \u0130mamo\u011flu, adaletin siyasetin g\u00f6lgesinde kald\u0131\u011f\u0131n\u0131 s\u00f6yleyerek t\u00fcm partilere ve hukuk kurumlar\u0131na \u00e7a\u011fr\u0131 yapt\u0131. \u015eeffaf ve tarafs\u0131z yarg\u0131lama sa\u011flanana kadar susmayaca\u011f\u0131n\u0131, adalet m\u00fccadelesinin milyonlar\u0131n ortak sesi [&hellip;]<\/p>\n","protected":false},"author":1,"featured_media":11375,"comment_status":"open","ping_status":"open","sticky":false,"template":"","format":"standard","meta":{"footnotes":"","_links_to":"","_links_to_target":""},"categories":[1],"tags":[],"class_list":["post-11374","post","type-post","status-publish","format-standard","has-post-thumbnail","hentry","category-haberler"],"_links":{"self":[{"href":"https:\/\/www.abchukuk.com\/index.php\/wp-json\/wp\/v2\/posts\/11374","targetHints":{"allow":["GET"]}}],"collection":[{"href":"https:\/\/www.abchukuk.com\/index.php\/wp-json\/wp\/v2\/posts"}],"about":[{"href":"https:\/\/www.abchukuk.com\/index.php\/wp-json\/wp\/v2\/types\/post"}],"author":[{"embeddable":true,"href":"https:\/\/www.abchukuk.com\/index.php\/wp-json\/wp\/v2\/users\/1"}],"replies":[{"embeddable":true,"href":"https:\/\/www.abchukuk.com\/index.php\/wp-json\/wp\/v2\/comments?post=11374"}],"version-history":[{"count":0,"href":"https:\/\/www.abchukuk.com\/index.php\/wp-json\/wp\/v2\/posts\/11374\/revisions"}],"wp:featuredmedia":[{"embeddable":true,"href":"https:\/\/www.abchukuk.com\/index.php\/wp-json\/wp\/v2\/media\/11375"}],"wp:attachment":[{"href":"https:\/\/www.abchukuk.com\/index.php\/wp-json\/wp\/v2\/media?parent=11374"}],"wp:term":[{"taxonomy":"category","embeddable":true,"href":"https:\/\/www.abchukuk.com\/index.php\/wp-json\/wp\/v2\/categories?post=11374"},{"taxonomy":"post_tag","embeddable":true,"href":"https:\/\/www.abchukuk.com\/index.php\/wp-json\/wp\/v2\/tags?post=11374"}],"curies":[{"name":"wp","href":"https:\/\/api.w.org\/{rel}","templated":true}]}}