{"id":11373,"date":"2025-11-17T15:37:40","date_gmt":"2025-11-17T15:37:40","guid":{"rendered":"https:\/\/www.abchukuk.com\/index.php\/2025\/11\/17\/istanbul-cumhuriyet-bassavciligindan-suc-orgutune-darbe-14-orgut-uyesi-gozaltina-alindi\/"},"modified":"2025-11-17T15:37:40","modified_gmt":"2025-11-17T15:37:40","slug":"istanbul-cumhuriyet-bassavciligindan-suc-orgutune-darbe-14-orgut-uyesi-gozaltina-alindi","status":"publish","type":"post","link":"https:\/\/www.abchukuk.com\/index.php\/2025\/11\/17\/istanbul-cumhuriyet-bassavciligindan-suc-orgutune-darbe-14-orgut-uyesi-gozaltina-alindi\/","title":{"rendered":"\u0130stanbul Cumhuriyet Ba\u015fsavc\u0131l\u0131\u011f\u0131ndan su\u00e7 \u00f6rg\u00fct\u00fcne darbe: 14 \u00f6rg\u00fct \u00fcyesi g\u00f6zalt\u0131na al\u0131nd\u0131"},"content":{"rendered":"<p>\u0130stanbul Anadolu Cumhuriyet Ba\u015fsavc\u0131l\u0131\u011f\u0131, m\u00fc\u015fteki C.A. isimli bir \u015fahs\u0131n iddialar\u0131n\u0131n ard\u0131ndan \u0130stanbul\u2019un Anadolu Yakas\u0131\u2019nda faaliyet g\u00f6steren bir su\u00e7 \u00f6rg\u00fct\u00fcne y\u00f6nelik soru\u015fturma ba\u015flatt\u0131. Liderli\u011fini \u0130brahim Karaduman\u2019\u0131n yapt\u0131\u011f\u0131 su\u00e7 \u00f6rg\u00fct\u00fcne y\u00f6nelik yap\u0131lan tespitler sonucunda, bug\u00fcn operasyon i\u00e7in d\u00fc\u011fmeye bas\u0131ld\u0131.<\/p>\n<p>14 \u015e\u00dcPHEL\u0130 G\u00d6ZALTINA ALINDI<\/p>\n<p>Operasyon sonucu aralar\u0131nda \u00f6rg\u00fct lideri ve \u00f6rg\u00fct u\u00f6neticilerinin de bulundu\u011fu 14 \u015f\u00fcpheli \u015fah\u0131s yakalanarak g\u00f6zalt\u0131na al\u0131nd\u0131. Yap\u0131lan adli aramalarda \u015f\u00fcphelilere ait dijital materyallere ve soru\u015fturmaya konu evraklara da el konuldu. \u015e\u00fcphelilerin \u00f6rg\u00fctl\u00fc tefecilik, ya\u011fma, tehdit ve nitelikli doland\u0131r\u0131c\u0131l\u0131k su\u00e7lar\u0131na konu olan mal varl\u0131klar\u0131 hakk\u0131nda tedbir karar\u0131 verildi. Soru\u015fturman\u0131n \u00e7ok y\u00f6nl\u00fc olarak titizlikle s\u00fcrd\u00fcr\u00fcld\u00fc\u011f\u00fc bildirildi.<\/p>\n<p>\u0130stanbul Anadolu Cumhuriyet Ba\u015fsavc\u0131l\u0131\u011f\u0131 taraf\u0131ndan ba\u015flat\u0131lan soru\u015fturma kapsam\u0131nda liderli\u011fini \u0130brahim Karaduman\u2019\u0131n yapt\u0131\u011f\u0131 su\u00e7 \u00f6rg\u00fct\u00fcne y\u00f6nelik operasyon d\u00fczenlendi. Operasyonlarda aralar\u0131nda \u00f6rg\u00fct lideri ve y\u00f6neticilerinin de oldu\u011fu 14 \u015f\u00fcpheli g\u00f6zalt\u0131na al\u0131nd\u0131.\u00a0<a href=\"https:\/\/www.son.tv\/istanbul-cumhuriyet-bassavciligindan-suc-orgutune-darbe-14-orgut-uyesi-gozaltina-alindi\/\" target=\"_blank\" class=\"feedzy-rss-link-icon\">Read More<\/a><\/p>","protected":false},"excerpt":{"rendered":"<p>\u0130stanbul Anadolu Cumhuriyet Ba\u015fsavc\u0131l\u0131\u011f\u0131, m\u00fc\u015fteki C.A. isimli bir \u015fahs\u0131n iddialar\u0131n\u0131n ard\u0131ndan \u0130stanbul\u2019un Anadolu Yakas\u0131\u2019nda faaliyet g\u00f6steren bir su\u00e7 \u00f6rg\u00fct\u00fcne y\u00f6nelik soru\u015fturma ba\u015flatt\u0131. Liderli\u011fini \u0130brahim Karaduman\u2019\u0131n yapt\u0131\u011f\u0131 su\u00e7 \u00f6rg\u00fct\u00fcne y\u00f6nelik yap\u0131lan tespitler sonucunda, bug\u00fcn operasyon i\u00e7in d\u00fc\u011fmeye bas\u0131ld\u0131. 14 \u015e\u00dcPHEL\u0130 G\u00d6ZALTINA ALINDI Operasyon sonucu aralar\u0131nda \u00f6rg\u00fct lideri ve \u00f6rg\u00fct u\u00f6neticilerinin de bulundu\u011fu 14 \u015f\u00fcpheli \u015fah\u0131s yakalanarak [&hellip;]<\/p>\n","protected":false},"author":1,"featured_media":0,"comment_status":"open","ping_status":"open","sticky":false,"template":"","format":"standard","meta":{"footnotes":"","_links_to":"","_links_to_target":""},"categories":[1],"tags":[],"class_list":["post-11373","post","type-post","status-publish","format-standard","hentry","category-haberler"],"_links":{"self":[{"href":"https:\/\/www.abchukuk.com\/index.php\/wp-json\/wp\/v2\/posts\/11373","targetHints":{"allow":["GET"]}}],"collection":[{"href":"https:\/\/www.abchukuk.com\/index.php\/wp-json\/wp\/v2\/posts"}],"about":[{"href":"https:\/\/www.abchukuk.com\/index.php\/wp-json\/wp\/v2\/types\/post"}],"author":[{"embeddable":true,"href":"https:\/\/www.abchukuk.com\/index.php\/wp-json\/wp\/v2\/users\/1"}],"replies":[{"embeddable":true,"href":"https:\/\/www.abchukuk.com\/index.php\/wp-json\/wp\/v2\/comments?post=11373"}],"version-history":[{"count":0,"href":"https:\/\/www.abchukuk.com\/index.php\/wp-json\/wp\/v2\/posts\/11373\/revisions"}],"wp:attachment":[{"href":"https:\/\/www.abchukuk.com\/index.php\/wp-json\/wp\/v2\/media?parent=11373"}],"wp:term":[{"taxonomy":"category","embeddable":true,"href":"https:\/\/www.abchukuk.com\/index.php\/wp-json\/wp\/v2\/categories?post=11373"},{"taxonomy":"post_tag","embeddable":true,"href":"https:\/\/www.abchukuk.com\/index.php\/wp-json\/wp\/v2\/tags?post=11373"}],"curies":[{"name":"wp","href":"https:\/\/api.w.org\/{rel}","templated":true}]}}