{"id":11361,"date":"2025-11-17T12:19:00","date_gmt":"2025-11-17T12:19:00","guid":{"rendered":"https:\/\/www.abchukuk.com\/index.php\/2025\/11\/17\/ayse-tokyaz-cinayetinde-agirlastirilmis-muebbet-hapis-talebi\/"},"modified":"2025-11-17T12:19:00","modified_gmt":"2025-11-17T12:19:00","slug":"ayse-tokyaz-cinayetinde-agirlastirilmis-muebbet-hapis-talebi","status":"publish","type":"post","link":"https:\/\/www.abchukuk.com\/index.php\/2025\/11\/17\/ayse-tokyaz-cinayetinde-agirlastirilmis-muebbet-hapis-talebi\/","title":{"rendered":"Ay\u015fe Tokyaz cinayetinde a\u011f\u0131rla\u015ft\u0131r\u0131lm\u0131\u015f m\u00fcebbet hapis talebi"},"content":{"rendered":"<p>K\u00fc\u00e7\u00fck\u00e7ekmece\u2019de Ay\u015fe Tokyaz&#8217;\u0131n \u00f6ld\u00fcr\u00fclmesiyle ilgili davada san\u0131k Cemil Ko\u00e7 hakk\u0131nda iddianame haz\u0131rland\u0131. \u0130ddianamede Ko\u00e7 i\u00e7in a\u011f\u0131rla\u015ft\u0131r\u0131lm\u0131\u015f m\u00fcebbet hapis cezas\u0131 istendi.K\u00fc\u00e7\u00fck\u00e7ekmece\u2019de Ay\u015fe Tokyaz&#8217;\u0131n \u00f6ld\u00fcr\u00fclmesiyle ilgili davada san\u0131k Cemil Ko\u00e7 hakk\u0131nda iddianame haz\u0131rland\u0131. \u0130ddianamede Ko\u00e7 i\u00e7in a\u011f\u0131rla\u015ft\u0131r\u0131lm\u0131\u015f m\u00fcebbet hapis cezas\u0131 istendi.\u00a0<a href=\"https:\/\/www.cumhuriyet.com.tr\/turkiye\/ayse-tokyaz-cinayetinde-agirlastirilmis-muebbet-hapis-talebi-2453480\" target=\"_blank\" class=\"feedzy-rss-link-icon\">Read More<\/a><\/p>","protected":false},"excerpt":{"rendered":"<p>K\u00fc\u00e7\u00fck\u00e7ekmece\u2019de Ay\u015fe Tokyaz&#8217;\u0131n \u00f6ld\u00fcr\u00fclmesiyle ilgili davada san\u0131k Cemil Ko\u00e7 hakk\u0131nda iddianame haz\u0131rland\u0131. \u0130ddianamede Ko\u00e7 i\u00e7in a\u011f\u0131rla\u015ft\u0131r\u0131lm\u0131\u015f m\u00fcebbet hapis cezas\u0131 istendi.K\u00fc\u00e7\u00fck\u00e7ekmece\u2019de Ay\u015fe Tokyaz&#8217;\u0131n \u00f6ld\u00fcr\u00fclmesiyle ilgili davada san\u0131k Cemil Ko\u00e7 hakk\u0131nda iddianame haz\u0131rland\u0131. \u0130ddianamede Ko\u00e7 i\u00e7in a\u011f\u0131rla\u015ft\u0131r\u0131lm\u0131\u015f m\u00fcebbet hapis cezas\u0131 istendi.\u00a0Read More<\/p>\n","protected":false},"author":1,"featured_media":11362,"comment_status":"open","ping_status":"open","sticky":false,"template":"","format":"standard","meta":{"footnotes":"","_links_to":"","_links_to_target":""},"categories":[1],"tags":[],"class_list":["post-11361","post","type-post","status-publish","format-standard","has-post-thumbnail","hentry","category-haberler"],"_links":{"self":[{"href":"https:\/\/www.abchukuk.com\/index.php\/wp-json\/wp\/v2\/posts\/11361","targetHints":{"allow":["GET"]}}],"collection":[{"href":"https:\/\/www.abchukuk.com\/index.php\/wp-json\/wp\/v2\/posts"}],"about":[{"href":"https:\/\/www.abchukuk.com\/index.php\/wp-json\/wp\/v2\/types\/post"}],"author":[{"embeddable":true,"href":"https:\/\/www.abchukuk.com\/index.php\/wp-json\/wp\/v2\/users\/1"}],"replies":[{"embeddable":true,"href":"https:\/\/www.abchukuk.com\/index.php\/wp-json\/wp\/v2\/comments?post=11361"}],"version-history":[{"count":0,"href":"https:\/\/www.abchukuk.com\/index.php\/wp-json\/wp\/v2\/posts\/11361\/revisions"}],"wp:featuredmedia":[{"embeddable":true,"href":"https:\/\/www.abchukuk.com\/index.php\/wp-json\/wp\/v2\/media\/11362"}],"wp:attachment":[{"href":"https:\/\/www.abchukuk.com\/index.php\/wp-json\/wp\/v2\/media?parent=11361"}],"wp:term":[{"taxonomy":"category","embeddable":true,"href":"https:\/\/www.abchukuk.com\/index.php\/wp-json\/wp\/v2\/categories?post=11361"},{"taxonomy":"post_tag","embeddable":true,"href":"https:\/\/www.abchukuk.com\/index.php\/wp-json\/wp\/v2\/tags?post=11361"}],"curies":[{"name":"wp","href":"https:\/\/api.w.org\/{rel}","templated":true}]}}