{"id":11342,"date":"2025-11-17T09:39:00","date_gmt":"2025-11-17T09:39:00","guid":{"rendered":"https:\/\/www.abchukuk.com\/index.php\/2025\/11\/17\/akademisyen-emrah-gulsunar-tahliye-edildi\/"},"modified":"2025-11-17T09:39:00","modified_gmt":"2025-11-17T09:39:00","slug":"akademisyen-emrah-gulsunar-tahliye-edildi","status":"publish","type":"post","link":"https:\/\/www.abchukuk.com\/index.php\/2025\/11\/17\/akademisyen-emrah-gulsunar-tahliye-edildi\/","title":{"rendered":"Akademisyen Emrah G\u00fclsunar tahliye edildi!"},"content":{"rendered":"<p>\u201cSosyal medyada darbe \u00e7a\u011fr\u0131s\u0131\u201d su\u00e7lamas\u0131yla tutuklanan siyaset bilimci Emrah G\u00fclsunar\u2019\u0131n yarg\u0131land\u0131\u011f\u0131 davada savunmalar yap\u0131ld\u0131. G\u00fclsunar, payla\u015f\u0131m\u0131n\u0131n Venezuela\u2019daki siyasal tart\u0131\u015fmaya ili\u015fkin oldu\u011funu vurgularken avukatlar\u0131, su\u00e7lama i\u00e7in hukuki temel bulunmad\u0131\u011f\u0131n\u0131 belirterek tahliye ve beraat talep etti.\u201cSosyal medyada darbe \u00e7a\u011fr\u0131s\u0131\u201d su\u00e7lamas\u0131yla tutuklanan siyaset bilimci Emrah G\u00fclsunar\u2019\u0131n yarg\u0131land\u0131\u011f\u0131 davada savunmalar yap\u0131ld\u0131. G\u00fclsunar, payla\u015f\u0131m\u0131n\u0131n Venezuela\u2019daki siyasal tart\u0131\u015fmaya ili\u015fkin oldu\u011funu vurgularken avukatlar\u0131, su\u00e7lama i\u00e7in hukuki temel bulunmad\u0131\u011f\u0131n\u0131 belirterek tahliye ve beraat talep etti.\u00a0<a href=\"https:\/\/www.cumhuriyet.com.tr\/turkiye\/akademisyen-emrah-gulsunar-tahliye-edildi-2453417\" target=\"_blank\" class=\"feedzy-rss-link-icon\">Read More<\/a><\/p>","protected":false},"excerpt":{"rendered":"<p>\u201cSosyal medyada darbe \u00e7a\u011fr\u0131s\u0131\u201d su\u00e7lamas\u0131yla tutuklanan siyaset bilimci Emrah G\u00fclsunar\u2019\u0131n yarg\u0131land\u0131\u011f\u0131 davada savunmalar yap\u0131ld\u0131. G\u00fclsunar, payla\u015f\u0131m\u0131n\u0131n Venezuela\u2019daki siyasal tart\u0131\u015fmaya ili\u015fkin oldu\u011funu vurgularken avukatlar\u0131, su\u00e7lama i\u00e7in hukuki temel bulunmad\u0131\u011f\u0131n\u0131 belirterek tahliye ve beraat talep etti.\u201cSosyal medyada darbe \u00e7a\u011fr\u0131s\u0131\u201d su\u00e7lamas\u0131yla tutuklanan siyaset bilimci Emrah G\u00fclsunar\u2019\u0131n yarg\u0131land\u0131\u011f\u0131 davada savunmalar yap\u0131ld\u0131. G\u00fclsunar, payla\u015f\u0131m\u0131n\u0131n Venezuela\u2019daki siyasal tart\u0131\u015fmaya ili\u015fkin oldu\u011funu vurgularken [&hellip;]<\/p>\n","protected":false},"author":1,"featured_media":11343,"comment_status":"open","ping_status":"open","sticky":false,"template":"","format":"standard","meta":{"footnotes":"","_links_to":"","_links_to_target":""},"categories":[1],"tags":[],"class_list":["post-11342","post","type-post","status-publish","format-standard","has-post-thumbnail","hentry","category-haberler"],"_links":{"self":[{"href":"https:\/\/www.abchukuk.com\/index.php\/wp-json\/wp\/v2\/posts\/11342","targetHints":{"allow":["GET"]}}],"collection":[{"href":"https:\/\/www.abchukuk.com\/index.php\/wp-json\/wp\/v2\/posts"}],"about":[{"href":"https:\/\/www.abchukuk.com\/index.php\/wp-json\/wp\/v2\/types\/post"}],"author":[{"embeddable":true,"href":"https:\/\/www.abchukuk.com\/index.php\/wp-json\/wp\/v2\/users\/1"}],"replies":[{"embeddable":true,"href":"https:\/\/www.abchukuk.com\/index.php\/wp-json\/wp\/v2\/comments?post=11342"}],"version-history":[{"count":0,"href":"https:\/\/www.abchukuk.com\/index.php\/wp-json\/wp\/v2\/posts\/11342\/revisions"}],"wp:featuredmedia":[{"embeddable":true,"href":"https:\/\/www.abchukuk.com\/index.php\/wp-json\/wp\/v2\/media\/11343"}],"wp:attachment":[{"href":"https:\/\/www.abchukuk.com\/index.php\/wp-json\/wp\/v2\/media?parent=11342"}],"wp:term":[{"taxonomy":"category","embeddable":true,"href":"https:\/\/www.abchukuk.com\/index.php\/wp-json\/wp\/v2\/categories?post=11342"},{"taxonomy":"post_tag","embeddable":true,"href":"https:\/\/www.abchukuk.com\/index.php\/wp-json\/wp\/v2\/tags?post=11342"}],"curies":[{"name":"wp","href":"https:\/\/api.w.org\/{rel}","templated":true}]}}