{"id":11340,"date":"2025-11-17T09:50:00","date_gmt":"2025-11-17T09:50:00","guid":{"rendered":"https:\/\/www.abchukuk.com\/index.php\/2025\/11\/17\/sezai-temelliden-selahattin-demirtas-tepkisi-mahkeme-karari-uygulamayarak-suc-icliyor\/"},"modified":"2025-11-17T09:50:00","modified_gmt":"2025-11-17T09:50:00","slug":"sezai-temelliden-selahattin-demirtas-tepkisi-mahkeme-karari-uygulamayarak-suc-icliyor","status":"publish","type":"post","link":"https:\/\/www.abchukuk.com\/index.php\/2025\/11\/17\/sezai-temelliden-selahattin-demirtas-tepkisi-mahkeme-karari-uygulamayarak-suc-icliyor\/","title":{"rendered":"Sezai Temelli&#8217;den &#8216;Selahattin Demirta\u015f&#8217; tepkisi: Mahkeme karar\u0131 uygulamayarak su\u00e7 i\u00e7liyor"},"content":{"rendered":"<p>DEM Parti Grup Ba\u015fkanvekili Sezai Temelli, &#8220;s\u00fcre\u00e7&#8221;le ilgili \u015fu ana kadar tek tarafl\u0131 ad\u0131mlar at\u0131ld\u0131\u011f\u0131n\u0131 belirterek, &#8220;\u00d6nemli ad\u0131mlar at\u0131ld\u0131 ama en \u00f6nemli mevzu gelip bu \u00f6zel yasa meselesine odaklan\u0131yor. Bununla ba\u015flanacak, \u00f6yle g\u00f6z\u00fck\u00fcyor&#8221; dedi.DEM Parti Grup Ba\u015fkanvekili Sezai Temelli, &#8220;s\u00fcre\u00e7&#8221;le ilgili \u015fu ana kadar tek tarafl\u0131 ad\u0131mlar at\u0131ld\u0131\u011f\u0131n\u0131 belirterek, &#8220;\u00d6nemli ad\u0131mlar at\u0131ld\u0131 ama en \u00f6nemli mevzu gelip bu \u00f6zel yasa meselesine odaklan\u0131yor. Bununla ba\u015flanacak, \u00f6yle g\u00f6z\u00fck\u00fcyor&#8221; dedi.\u00a0<a href=\"https:\/\/www.cumhuriyet.com.tr\/siyaset\/sezai-temelli-den-selahattin-demirtas-tepkisi-mahkeme-karari-uygulamayarak-suc-icliyor-2453422\" target=\"_blank\" class=\"feedzy-rss-link-icon\">Read More<\/a><\/p>","protected":false},"excerpt":{"rendered":"<p>DEM Parti Grup Ba\u015fkanvekili Sezai Temelli, &#8220;s\u00fcre\u00e7&#8221;le ilgili \u015fu ana kadar tek tarafl\u0131 ad\u0131mlar at\u0131ld\u0131\u011f\u0131n\u0131 belirterek, &#8220;\u00d6nemli ad\u0131mlar at\u0131ld\u0131 ama en \u00f6nemli mevzu gelip bu \u00f6zel yasa meselesine odaklan\u0131yor. Bununla ba\u015flanacak, \u00f6yle g\u00f6z\u00fck\u00fcyor&#8221; dedi.DEM Parti Grup Ba\u015fkanvekili Sezai Temelli, &#8220;s\u00fcre\u00e7&#8221;le ilgili \u015fu ana kadar tek tarafl\u0131 ad\u0131mlar at\u0131ld\u0131\u011f\u0131n\u0131 belirterek, &#8220;\u00d6nemli ad\u0131mlar at\u0131ld\u0131 ama en \u00f6nemli [&hellip;]<\/p>\n","protected":false},"author":1,"featured_media":11341,"comment_status":"open","ping_status":"open","sticky":false,"template":"","format":"standard","meta":{"footnotes":"","_links_to":"","_links_to_target":""},"categories":[1],"tags":[],"class_list":["post-11340","post","type-post","status-publish","format-standard","has-post-thumbnail","hentry","category-haberler"],"_links":{"self":[{"href":"https:\/\/www.abchukuk.com\/index.php\/wp-json\/wp\/v2\/posts\/11340","targetHints":{"allow":["GET"]}}],"collection":[{"href":"https:\/\/www.abchukuk.com\/index.php\/wp-json\/wp\/v2\/posts"}],"about":[{"href":"https:\/\/www.abchukuk.com\/index.php\/wp-json\/wp\/v2\/types\/post"}],"author":[{"embeddable":true,"href":"https:\/\/www.abchukuk.com\/index.php\/wp-json\/wp\/v2\/users\/1"}],"replies":[{"embeddable":true,"href":"https:\/\/www.abchukuk.com\/index.php\/wp-json\/wp\/v2\/comments?post=11340"}],"version-history":[{"count":0,"href":"https:\/\/www.abchukuk.com\/index.php\/wp-json\/wp\/v2\/posts\/11340\/revisions"}],"wp:featuredmedia":[{"embeddable":true,"href":"https:\/\/www.abchukuk.com\/index.php\/wp-json\/wp\/v2\/media\/11341"}],"wp:attachment":[{"href":"https:\/\/www.abchukuk.com\/index.php\/wp-json\/wp\/v2\/media?parent=11340"}],"wp:term":[{"taxonomy":"category","embeddable":true,"href":"https:\/\/www.abchukuk.com\/index.php\/wp-json\/wp\/v2\/categories?post=11340"},{"taxonomy":"post_tag","embeddable":true,"href":"https:\/\/www.abchukuk.com\/index.php\/wp-json\/wp\/v2\/tags?post=11340"}],"curies":[{"name":"wp","href":"https:\/\/api.w.org\/{rel}","templated":true}]}}