{"id":11338,"date":"2025-11-17T09:50:00","date_gmt":"2025-11-17T09:50:00","guid":{"rendered":"https:\/\/www.abchukuk.com\/index.php\/2025\/11\/17\/aslihan-sinem-cicek-davasinda-sanik-kasten-oldurmeden-yargilanacak\/"},"modified":"2025-11-17T09:50:00","modified_gmt":"2025-11-17T09:50:00","slug":"aslihan-sinem-cicek-davasinda-sanik-kasten-oldurmeden-yargilanacak","status":"publish","type":"post","link":"https:\/\/www.abchukuk.com\/index.php\/2025\/11\/17\/aslihan-sinem-cicek-davasinda-sanik-kasten-oldurmeden-yargilanacak\/","title":{"rendered":"Asl\u0131han Sinem \u00c7i\u00e7ek davas\u0131nda san\u0131k &#8216;kasten \u00f6ld\u00fcrmeden&#8217; yarg\u0131lanacak"},"content":{"rendered":"<p>\u0130zmir&#8217;de kay\u0131p olarak arand\u0131\u011f\u0131 s\u0131rada hastanede ya\u015fam\u0131n\u0131 yitirdi\u011fi anla\u015f\u0131lan Asl\u0131han Sinem \u00c7i\u00e7ek davas\u0131nda san\u0131k Cem Acar&#8217;a kasten \u00f6ld\u00fcrmeden ceza istedi.\u0130zmir&#8217;de kay\u0131p olarak arand\u0131\u011f\u0131 s\u0131rada hastanede ya\u015fam\u0131n\u0131 yitirdi\u011fi anla\u015f\u0131lan Asl\u0131han Sinem \u00c7i\u00e7ek davas\u0131nda san\u0131k Cem Acar&#8217;a kasten \u00f6ld\u00fcrmeden ceza istedi.\u00a0<a href=\"https:\/\/www.cumhuriyet.com.tr\/turkiye\/aslihan-sinem-cicek-davasinda-sanik-kasten-oldurmeden-yargilanacak-2453423\" target=\"_blank\" class=\"feedzy-rss-link-icon\">Read More<\/a><\/p>","protected":false},"excerpt":{"rendered":"<p>\u0130zmir&#8217;de kay\u0131p olarak arand\u0131\u011f\u0131 s\u0131rada hastanede ya\u015fam\u0131n\u0131 yitirdi\u011fi anla\u015f\u0131lan Asl\u0131han Sinem \u00c7i\u00e7ek davas\u0131nda san\u0131k Cem Acar&#8217;a kasten \u00f6ld\u00fcrmeden ceza istedi.\u0130zmir&#8217;de kay\u0131p olarak arand\u0131\u011f\u0131 s\u0131rada hastanede ya\u015fam\u0131n\u0131 yitirdi\u011fi anla\u015f\u0131lan Asl\u0131han Sinem \u00c7i\u00e7ek davas\u0131nda san\u0131k Cem Acar&#8217;a kasten \u00f6ld\u00fcrmeden ceza istedi.\u00a0Read More<\/p>\n","protected":false},"author":1,"featured_media":11339,"comment_status":"open","ping_status":"open","sticky":false,"template":"","format":"standard","meta":{"footnotes":"","_links_to":"","_links_to_target":""},"categories":[1],"tags":[],"class_list":["post-11338","post","type-post","status-publish","format-standard","has-post-thumbnail","hentry","category-haberler"],"_links":{"self":[{"href":"https:\/\/www.abchukuk.com\/index.php\/wp-json\/wp\/v2\/posts\/11338","targetHints":{"allow":["GET"]}}],"collection":[{"href":"https:\/\/www.abchukuk.com\/index.php\/wp-json\/wp\/v2\/posts"}],"about":[{"href":"https:\/\/www.abchukuk.com\/index.php\/wp-json\/wp\/v2\/types\/post"}],"author":[{"embeddable":true,"href":"https:\/\/www.abchukuk.com\/index.php\/wp-json\/wp\/v2\/users\/1"}],"replies":[{"embeddable":true,"href":"https:\/\/www.abchukuk.com\/index.php\/wp-json\/wp\/v2\/comments?post=11338"}],"version-history":[{"count":0,"href":"https:\/\/www.abchukuk.com\/index.php\/wp-json\/wp\/v2\/posts\/11338\/revisions"}],"wp:featuredmedia":[{"embeddable":true,"href":"https:\/\/www.abchukuk.com\/index.php\/wp-json\/wp\/v2\/media\/11339"}],"wp:attachment":[{"href":"https:\/\/www.abchukuk.com\/index.php\/wp-json\/wp\/v2\/media?parent=11338"}],"wp:term":[{"taxonomy":"category","embeddable":true,"href":"https:\/\/www.abchukuk.com\/index.php\/wp-json\/wp\/v2\/categories?post=11338"},{"taxonomy":"post_tag","embeddable":true,"href":"https:\/\/www.abchukuk.com\/index.php\/wp-json\/wp\/v2\/tags?post=11338"}],"curies":[{"name":"wp","href":"https:\/\/api.w.org\/{rel}","templated":true}]}}