{"id":11336,"date":"2025-11-17T08:27:00","date_gmt":"2025-11-17T08:27:00","guid":{"rendered":"https:\/\/www.abchukuk.com\/index.php\/2025\/11\/17\/27-ilde-feto-operasyonu-71-kamu-gorevlisi-ve-ozel-sektor-calisani-gozaltinda\/"},"modified":"2025-11-17T08:27:00","modified_gmt":"2025-11-17T08:27:00","slug":"27-ilde-feto-operasyonu-71-kamu-gorevlisi-ve-ozel-sektor-calisani-gozaltinda","status":"publish","type":"post","link":"https:\/\/www.abchukuk.com\/index.php\/2025\/11\/17\/27-ilde-feto-operasyonu-71-kamu-gorevlisi-ve-ozel-sektor-calisani-gozaltinda\/","title":{"rendered":"27 ilde FET\u00d6 operasyonu: 71 kamu g\u00f6revlisi ve \u00f6zel sekt\u00f6r \u00e7al\u0131\u015fan\u0131 g\u00f6zalt\u0131nda!"},"content":{"rendered":"<p>Bakan Ali Yerlikaya, Fetullah\u00e7\u0131 Ter\u00f6r \u00d6rg\u00fct\u00fc&#8217;ne (FET\u00d6) y\u00f6nelik \u0130stanbul merkezli 27 ilde d\u00fczenlenen e\u015f zamanl\u0131 operasyonlarda aktif kamu g\u00f6revlisi ve \u00f6zel sekt\u00f6r \u00e7al\u0131\u015fan\u0131 71 \u015f\u00fcphelinin yakaland\u0131\u011f\u0131n\u0131 bildirdi.Bakan Ali Yerlikaya, Fetullah\u00e7\u0131 Ter\u00f6r \u00d6rg\u00fct\u00fc&#8217;ne (FET\u00d6) y\u00f6nelik \u0130stanbul merkezli 27 ilde d\u00fczenlenen e\u015f zamanl\u0131 operasyonlarda aktif kamu g\u00f6revlisi ve \u00f6zel sekt\u00f6r \u00e7al\u0131\u015fan\u0131 71 \u015f\u00fcphelinin yakaland\u0131\u011f\u0131n\u0131 bildirdi.\u00a0<a href=\"https:\/\/www.cumhuriyet.com.tr\/turkiye\/27-ilde-feto-operasyonu-71-kamu-gorevlisi-ve-ozel-sektor-calisani-gozaltinda-2453376\" target=\"_blank\" class=\"feedzy-rss-link-icon\">Read More<\/a><\/p>","protected":false},"excerpt":{"rendered":"<p>Bakan Ali Yerlikaya, Fetullah\u00e7\u0131 Ter\u00f6r \u00d6rg\u00fct\u00fc&#8217;ne (FET\u00d6) y\u00f6nelik \u0130stanbul merkezli 27 ilde d\u00fczenlenen e\u015f zamanl\u0131 operasyonlarda aktif kamu g\u00f6revlisi ve \u00f6zel sekt\u00f6r \u00e7al\u0131\u015fan\u0131 71 \u015f\u00fcphelinin yakaland\u0131\u011f\u0131n\u0131 bildirdi.Bakan Ali Yerlikaya, Fetullah\u00e7\u0131 Ter\u00f6r \u00d6rg\u00fct\u00fc&#8217;ne (FET\u00d6) y\u00f6nelik \u0130stanbul merkezli 27 ilde d\u00fczenlenen e\u015f zamanl\u0131 operasyonlarda aktif kamu g\u00f6revlisi ve \u00f6zel sekt\u00f6r \u00e7al\u0131\u015fan\u0131 71 \u015f\u00fcphelinin yakaland\u0131\u011f\u0131n\u0131 bildirdi.\u00a0Read More<\/p>\n","protected":false},"author":1,"featured_media":11337,"comment_status":"open","ping_status":"open","sticky":false,"template":"","format":"standard","meta":{"footnotes":"","_links_to":"","_links_to_target":""},"categories":[1],"tags":[],"class_list":["post-11336","post","type-post","status-publish","format-standard","has-post-thumbnail","hentry","category-haberler"],"_links":{"self":[{"href":"https:\/\/www.abchukuk.com\/index.php\/wp-json\/wp\/v2\/posts\/11336","targetHints":{"allow":["GET"]}}],"collection":[{"href":"https:\/\/www.abchukuk.com\/index.php\/wp-json\/wp\/v2\/posts"}],"about":[{"href":"https:\/\/www.abchukuk.com\/index.php\/wp-json\/wp\/v2\/types\/post"}],"author":[{"embeddable":true,"href":"https:\/\/www.abchukuk.com\/index.php\/wp-json\/wp\/v2\/users\/1"}],"replies":[{"embeddable":true,"href":"https:\/\/www.abchukuk.com\/index.php\/wp-json\/wp\/v2\/comments?post=11336"}],"version-history":[{"count":0,"href":"https:\/\/www.abchukuk.com\/index.php\/wp-json\/wp\/v2\/posts\/11336\/revisions"}],"wp:featuredmedia":[{"embeddable":true,"href":"https:\/\/www.abchukuk.com\/index.php\/wp-json\/wp\/v2\/media\/11337"}],"wp:attachment":[{"href":"https:\/\/www.abchukuk.com\/index.php\/wp-json\/wp\/v2\/media?parent=11336"}],"wp:term":[{"taxonomy":"category","embeddable":true,"href":"https:\/\/www.abchukuk.com\/index.php\/wp-json\/wp\/v2\/categories?post=11336"},{"taxonomy":"post_tag","embeddable":true,"href":"https:\/\/www.abchukuk.com\/index.php\/wp-json\/wp\/v2\/tags?post=11336"}],"curies":[{"name":"wp","href":"https:\/\/api.w.org\/{rel}","templated":true}]}}