{"id":11333,"date":"2025-11-17T08:45:22","date_gmt":"2025-11-17T08:45:22","guid":{"rendered":"https:\/\/www.abchukuk.com\/index.php\/2025\/11\/17\/dugun-ciftlerini-ve-ilgilendiren-emsal-karar-ornek-album-sergileyen-fotografci-hapis-cezasi-aldi\/"},"modified":"2025-11-17T08:45:22","modified_gmt":"2025-11-17T08:45:22","slug":"dugun-ciftlerini-ve-ilgilendiren-emsal-karar-ornek-album-sergileyen-fotografci-hapis-cezasi-aldi","status":"publish","type":"post","link":"https:\/\/www.abchukuk.com\/index.php\/2025\/11\/17\/dugun-ciftlerini-ve-ilgilendiren-emsal-karar-ornek-album-sergileyen-fotografci-hapis-cezasi-aldi\/","title":{"rendered":"D\u00fc\u011f\u00fcn \u00e7iftlerini ve ilgilendiren emsal karar: &#8216;\u00d6rnek alb\u00fcm&#8217; sergileyen foto\u011fraf\u00e7\u0131 hapis cezas\u0131 ald\u0131"},"content":{"rendered":"<p>Yarg\u0131tay 12. Ceza Dairesi, d\u00fc\u011f\u00fcn foto\u011fraflar\u0131n\u0131n izin al\u0131nmadan alb\u00fcm yap\u0131l\u0131p m\u00fc\u015fterilere \u00f6rnek olarak g\u00f6sterilmesinin &#8220;verileri hukuka ayk\u0131r\u0131 olarak verme veya ele ge\u00e7irme&#8221; su\u00e7unu olu\u015fturdu\u011funa h\u00fckmetti.Yarg\u0131tay 12. Ceza Dairesi, d\u00fc\u011f\u00fcn foto\u011fraflar\u0131n\u0131n izin al\u0131nmadan alb\u00fcm yap\u0131l\u0131p m\u00fc\u015fterilere \u00f6rnek olarak g\u00f6sterilmesinin &#8220;verileri hukuka ayk\u0131r\u0131 olarak verme veya ele ge\u00e7irme&#8221; su\u00e7unu olu\u015fturdu\u011funa h\u00fckmetti.\u00a0<a href=\"https:\/\/anlatilaninotesi.com.tr\/20251117\/dugun-fotograflarini-musterilerine-izinsiz-gosteren-fotografciya-mahkumiyet-karari-yargitay-hukuka-1101053542.html\" target=\"_blank\" class=\"feedzy-rss-link-icon\">Read More<\/a><\/p>","protected":false},"excerpt":{"rendered":"<p>Yarg\u0131tay 12. Ceza Dairesi, d\u00fc\u011f\u00fcn foto\u011fraflar\u0131n\u0131n izin al\u0131nmadan alb\u00fcm yap\u0131l\u0131p m\u00fc\u015fterilere \u00f6rnek olarak g\u00f6sterilmesinin &#8220;verileri hukuka ayk\u0131r\u0131 olarak verme veya ele ge\u00e7irme&#8221; su\u00e7unu olu\u015fturdu\u011funa h\u00fckmetti.Yarg\u0131tay 12. Ceza Dairesi, d\u00fc\u011f\u00fcn foto\u011fraflar\u0131n\u0131n izin al\u0131nmadan alb\u00fcm yap\u0131l\u0131p m\u00fc\u015fterilere \u00f6rnek olarak g\u00f6sterilmesinin &#8220;verileri hukuka ayk\u0131r\u0131 olarak verme veya ele ge\u00e7irme&#8221; su\u00e7unu olu\u015fturdu\u011funa h\u00fckmetti.\u00a0Read More<\/p>\n","protected":false},"author":1,"featured_media":0,"comment_status":"open","ping_status":"open","sticky":false,"template":"","format":"standard","meta":{"footnotes":"","_links_to":"","_links_to_target":""},"categories":[1],"tags":[],"class_list":["post-11333","post","type-post","status-publish","format-standard","hentry","category-haberler"],"_links":{"self":[{"href":"https:\/\/www.abchukuk.com\/index.php\/wp-json\/wp\/v2\/posts\/11333","targetHints":{"allow":["GET"]}}],"collection":[{"href":"https:\/\/www.abchukuk.com\/index.php\/wp-json\/wp\/v2\/posts"}],"about":[{"href":"https:\/\/www.abchukuk.com\/index.php\/wp-json\/wp\/v2\/types\/post"}],"author":[{"embeddable":true,"href":"https:\/\/www.abchukuk.com\/index.php\/wp-json\/wp\/v2\/users\/1"}],"replies":[{"embeddable":true,"href":"https:\/\/www.abchukuk.com\/index.php\/wp-json\/wp\/v2\/comments?post=11333"}],"version-history":[{"count":0,"href":"https:\/\/www.abchukuk.com\/index.php\/wp-json\/wp\/v2\/posts\/11333\/revisions"}],"wp:attachment":[{"href":"https:\/\/www.abchukuk.com\/index.php\/wp-json\/wp\/v2\/media?parent=11333"}],"wp:term":[{"taxonomy":"category","embeddable":true,"href":"https:\/\/www.abchukuk.com\/index.php\/wp-json\/wp\/v2\/categories?post=11333"},{"taxonomy":"post_tag","embeddable":true,"href":"https:\/\/www.abchukuk.com\/index.php\/wp-json\/wp\/v2\/tags?post=11333"}],"curies":[{"name":"wp","href":"https:\/\/api.w.org\/{rel}","templated":true}]}}