{"id":11329,"date":"2025-11-17T07:36:33","date_gmt":"2025-11-17T07:36:33","guid":{"rendered":"https:\/\/www.abchukuk.com\/index.php\/2025\/11\/17\/kamu-ve-ozel-sektorde-feto-operasyonu-onlarca-gozalti-var\/"},"modified":"2025-11-17T07:36:33","modified_gmt":"2025-11-17T07:36:33","slug":"kamu-ve-ozel-sektorde-feto-operasyonu-onlarca-gozalti-var","status":"publish","type":"post","link":"https:\/\/www.abchukuk.com\/index.php\/2025\/11\/17\/kamu-ve-ozel-sektorde-feto-operasyonu-onlarca-gozalti-var\/","title":{"rendered":"Kamu ve \u00d6zel Sekt\u00f6rde FET\u00d6 Operasyonu! Onlarca G\u00f6zalt\u0131 Var"},"content":{"rendered":"<p><a href=\"https:\/\/www.gercekgundem.com\/guncel\/kamu-ve-ozel-sektorde-feto-operasyonu-onlarca-gozalti-var-562122\"><br \/>\n                                                            <img decoding=\"async\" src=\"https:\/\/i.gercekgundem.com\/2\/150\/84\/storage\/files\/images\/2025\/11\/17\/fatihteki-zehirlenme-faciasinda-gozalti-sayisi-yukseldi-jph5.jpg\" width=\"150\" height=\"84\" border=\"0\" align=\"right\" \/><br \/>\n                                                    <\/a><\/p>\n<h4>\u0130\u00e7i\u015fleri Bakan\u0131 Yerlikaya, &#8220;\u0130stanbul merkezli 27 ilde FET\u00d6&#8217;ye y\u00f6nelik e\u015f zamanl\u0131 operasyonlarda aktif kamu g\u00f6revlisi ve \u00f6zel sekt\u00f6r \u00e7al\u0131\u015fan\u0131 71 \u015f\u00fcpheliyi yakalad\u0131k&#8221; a\u00e7\u0131klamas\u0131nda bulundu.<\/h4>\n<p>\u0130\u00e7i\u015fleri Bakan\u0131 Yerlikaya, &#8220;\u0130stanbul merkezli 27 ilde FET\u00d6&#8217;ye y\u00f6nelik e\u015f zamanl\u0131 operasyonlarda aktif kamu g\u00f6revlisi ve \u00f6zel sekt\u00f6r \u00e7al\u0131\u015fan\u0131 71 \u015f\u00fcpheliyi yakalad\u0131k&#8221; a\u00e7\u0131klamas\u0131nda bulundu.\u00a0<a href=\"https:\/\/www.gercekgundem.com\/guncel\/kamu-ve-ozel-sektorde-feto-operasyonu-onlarca-gozalti-var-562122\" target=\"_blank\" class=\"feedzy-rss-link-icon\">Read More<\/a><\/p>","protected":false},"excerpt":{"rendered":"<p>\u0130\u00e7i\u015fleri Bakan\u0131 Yerlikaya, &#8220;\u0130stanbul merkezli 27 ilde FET\u00d6&#8217;ye y\u00f6nelik e\u015f zamanl\u0131 operasyonlarda aktif kamu g\u00f6revlisi ve \u00f6zel sekt\u00f6r \u00e7al\u0131\u015fan\u0131 71 \u015f\u00fcpheliyi yakalad\u0131k&#8221; a\u00e7\u0131klamas\u0131nda bulundu. \u0130\u00e7i\u015fleri Bakan\u0131 Yerlikaya, &#8220;\u0130stanbul merkezli 27 ilde FET\u00d6&#8217;ye y\u00f6nelik e\u015f zamanl\u0131 operasyonlarda aktif kamu g\u00f6revlisi ve \u00f6zel sekt\u00f6r \u00e7al\u0131\u015fan\u0131 71 \u015f\u00fcpheliyi yakalad\u0131k&#8221; a\u00e7\u0131klamas\u0131nda bulundu.\u00a0Read More<\/p>\n","protected":false},"author":1,"featured_media":11330,"comment_status":"open","ping_status":"open","sticky":false,"template":"","format":"standard","meta":{"footnotes":"","_links_to":"","_links_to_target":""},"categories":[1],"tags":[],"class_list":["post-11329","post","type-post","status-publish","format-standard","has-post-thumbnail","hentry","category-haberler"],"_links":{"self":[{"href":"https:\/\/www.abchukuk.com\/index.php\/wp-json\/wp\/v2\/posts\/11329","targetHints":{"allow":["GET"]}}],"collection":[{"href":"https:\/\/www.abchukuk.com\/index.php\/wp-json\/wp\/v2\/posts"}],"about":[{"href":"https:\/\/www.abchukuk.com\/index.php\/wp-json\/wp\/v2\/types\/post"}],"author":[{"embeddable":true,"href":"https:\/\/www.abchukuk.com\/index.php\/wp-json\/wp\/v2\/users\/1"}],"replies":[{"embeddable":true,"href":"https:\/\/www.abchukuk.com\/index.php\/wp-json\/wp\/v2\/comments?post=11329"}],"version-history":[{"count":0,"href":"https:\/\/www.abchukuk.com\/index.php\/wp-json\/wp\/v2\/posts\/11329\/revisions"}],"wp:featuredmedia":[{"embeddable":true,"href":"https:\/\/www.abchukuk.com\/index.php\/wp-json\/wp\/v2\/media\/11330"}],"wp:attachment":[{"href":"https:\/\/www.abchukuk.com\/index.php\/wp-json\/wp\/v2\/media?parent=11329"}],"wp:term":[{"taxonomy":"category","embeddable":true,"href":"https:\/\/www.abchukuk.com\/index.php\/wp-json\/wp\/v2\/categories?post=11329"},{"taxonomy":"post_tag","embeddable":true,"href":"https:\/\/www.abchukuk.com\/index.php\/wp-json\/wp\/v2\/tags?post=11329"}],"curies":[{"name":"wp","href":"https:\/\/api.w.org\/{rel}","templated":true}]}}