{"id":11067,"date":"2025-11-13T16:48:49","date_gmt":"2025-11-13T16:48:49","guid":{"rendered":"https:\/\/www.abchukuk.com\/index.php\/2025\/11\/13\/yargi-paketinde-hangi-duzenlemeler-var\/"},"modified":"2025-11-13T16:48:49","modified_gmt":"2025-11-13T16:48:49","slug":"yargi-paketinde-hangi-duzenlemeler-var","status":"publish","type":"post","link":"https:\/\/www.abchukuk.com\/index.php\/2025\/11\/13\/yargi-paketinde-hangi-duzenlemeler-var\/","title":{"rendered":"Yarg\u0131 paketinde hangi d\u00fczenlemeler var"},"content":{"rendered":"<p>11. Yarg\u0131 Paketi, \u00f6n\u00fcm\u00fczdeki hafta Meclis&#8217;e sunulacak. Su\u00e7a s\u00fcr\u00fcklenen \u00e7ocuklar d\u00fczenlemesi paketten \u00e7\u0131kar\u0131ld\u0131. Su\u00e7a s\u00fcr\u00fcklenen \u00e7ocuklara y\u00f6nelik Meclis&#8217;te ara\u015ft\u0131rma komisyonu kurulacak. Komisyon, \u00e7ocuklar\u0131n e\u011fitiminden sa\u011fl\u0131\u011f\u0131na su\u00e7 e\u011filiminden \u00e7etele\u015fmeye kadar sorunlara dair \u00e7\u00f6z\u00fcmler geli\u015ftirecek. Habert\u00fcrk\u2019ten Buse Gen\u00e7t\u00fcrk\u2019\u00fcn haberi11. Yarg\u0131 Paketi, \u00f6n\u00fcm\u00fczdeki hafta Meclis&#8217;e sunulacak. Su\u00e7a s\u00fcr\u00fcklenen \u00e7ocuklar d\u00fczenlemesi paketten \u00e7\u0131kar\u0131ld\u0131. Su\u00e7a s\u00fcr\u00fcklenen \u00e7ocuklara y\u00f6nelik Meclis&#8217;te ara\u015ft\u0131rma komisyonu kurulacak. Komisyon, \u00e7ocuklar\u0131n e\u011fitiminden sa\u011fl\u0131\u011f\u0131na su\u00e7 e\u011filiminden \u00e7etele\u015fmeye kadar sorunlara dair \u00e7\u00f6z\u00fcmler geli\u015ftirecek. Habert\u00fcrk\u2019ten Buse Gen\u00e7t\u00fcrk\u2019\u00fcn haberi\u00a0<a href=\"https:\/\/www.haberturk.com\/11-yargi-paketi-haftaya-sunulacak-hangi-duzenlemeler-yolda-3837649\" target=\"_blank\" class=\"feedzy-rss-link-icon\">Read More<\/a><\/p>","protected":false},"excerpt":{"rendered":"<p>11. Yarg\u0131 Paketi, \u00f6n\u00fcm\u00fczdeki hafta Meclis&#8217;e sunulacak. Su\u00e7a s\u00fcr\u00fcklenen \u00e7ocuklar d\u00fczenlemesi paketten \u00e7\u0131kar\u0131ld\u0131. Su\u00e7a s\u00fcr\u00fcklenen \u00e7ocuklara y\u00f6nelik Meclis&#8217;te ara\u015ft\u0131rma komisyonu kurulacak. Komisyon, \u00e7ocuklar\u0131n e\u011fitiminden sa\u011fl\u0131\u011f\u0131na su\u00e7 e\u011filiminden \u00e7etele\u015fmeye kadar sorunlara dair \u00e7\u00f6z\u00fcmler geli\u015ftirecek. Habert\u00fcrk\u2019ten Buse Gen\u00e7t\u00fcrk\u2019\u00fcn haberi11. Yarg\u0131 Paketi, \u00f6n\u00fcm\u00fczdeki hafta Meclis&#8217;e sunulacak. Su\u00e7a s\u00fcr\u00fcklenen \u00e7ocuklar d\u00fczenlemesi paketten \u00e7\u0131kar\u0131ld\u0131. Su\u00e7a s\u00fcr\u00fcklenen \u00e7ocuklara y\u00f6nelik Meclis&#8217;te ara\u015ft\u0131rma [&hellip;]<\/p>\n","protected":false},"author":1,"featured_media":0,"comment_status":"open","ping_status":"open","sticky":false,"template":"","format":"standard","meta":{"footnotes":"","_links_to":"","_links_to_target":""},"categories":[1],"tags":[],"class_list":["post-11067","post","type-post","status-publish","format-standard","hentry","category-haberler"],"_links":{"self":[{"href":"https:\/\/www.abchukuk.com\/index.php\/wp-json\/wp\/v2\/posts\/11067","targetHints":{"allow":["GET"]}}],"collection":[{"href":"https:\/\/www.abchukuk.com\/index.php\/wp-json\/wp\/v2\/posts"}],"about":[{"href":"https:\/\/www.abchukuk.com\/index.php\/wp-json\/wp\/v2\/types\/post"}],"author":[{"embeddable":true,"href":"https:\/\/www.abchukuk.com\/index.php\/wp-json\/wp\/v2\/users\/1"}],"replies":[{"embeddable":true,"href":"https:\/\/www.abchukuk.com\/index.php\/wp-json\/wp\/v2\/comments?post=11067"}],"version-history":[{"count":0,"href":"https:\/\/www.abchukuk.com\/index.php\/wp-json\/wp\/v2\/posts\/11067\/revisions"}],"wp:attachment":[{"href":"https:\/\/www.abchukuk.com\/index.php\/wp-json\/wp\/v2\/media?parent=11067"}],"wp:term":[{"taxonomy":"category","embeddable":true,"href":"https:\/\/www.abchukuk.com\/index.php\/wp-json\/wp\/v2\/categories?post=11067"},{"taxonomy":"post_tag","embeddable":true,"href":"https:\/\/www.abchukuk.com\/index.php\/wp-json\/wp\/v2\/tags?post=11067"}],"curies":[{"name":"wp","href":"https:\/\/api.w.org\/{rel}","templated":true}]}}