{"id":11062,"date":"2025-11-13T18:02:06","date_gmt":"2025-11-13T18:02:06","guid":{"rendered":"https:\/\/www.abchukuk.com\/index.php\/2025\/11\/13\/fenerbahce-galatasaray-derbisindeki-olaylar-mahkemeye-tasindi-2-yildiz-isme-hapis-soku\/"},"modified":"2025-11-13T18:02:06","modified_gmt":"2025-11-13T18:02:06","slug":"fenerbahce-galatasaray-derbisindeki-olaylar-mahkemeye-tasindi-2-yildiz-isme-hapis-soku","status":"publish","type":"post","link":"https:\/\/www.abchukuk.com\/index.php\/2025\/11\/13\/fenerbahce-galatasaray-derbisindeki-olaylar-mahkemeye-tasindi-2-yildiz-isme-hapis-soku\/","title":{"rendered":"Fenerbah\u00e7e-Galatasaray Derbisindeki Olaylar Mahkemeye Ta\u015f\u0131nd\u0131: 2 Y\u0131ld\u0131z \u0130sme Hapis \u015eoku"},"content":{"rendered":"<p><a href=\"https:\/\/www.gercekgundem.com\/spor\/fenerbahce-galatasaray-derbisindeki-olaylar-mahkemeye-tasindi-2-yildiz-isme-hapis-soku-561971\"><br \/>\n                                                            <img decoding=\"async\" src=\"https:\/\/i.gercekgundem.com\/2\/150\/84\/storage\/files\/images\/2025\/11\/13\/fenerbahce-galatasaray-derbisindeki-olaylar-mahkemeye-tasindi-2-yildiz-isme-hapis-soku-rfgj.jpg\" width=\"150\" height=\"84\" border=\"0\" align=\"right\" \/><br \/>\n                                                    <\/a><\/p>\n<h4>Ge\u00e7en sezonki Fenerbah\u00e7e-Galatasaray derbisinde ya\u015fanan olaylarla ilgili Jayden Oosterwolde, Mert Hakan Yanda\u015f, Ertu\u011frul Karanl\u0131k, Hulusi Belg\u00fc ve Emre Kartal hakk\u0131nda hapis cezas\u0131 istendi. Duru\u015fma 15 Ocak 2026\u2019ya ertelendi.<\/h4>\n<p>Ge\u00e7en sezonki Fenerbah\u00e7e-Galatasaray derbisinde ya\u015fanan olaylarla ilgili Jayden Oosterwolde, Mert Hakan Yanda\u015f, Ertu\u011frul Karanl\u0131k, Hulusi Belg\u00fc ve Emre Kartal hakk\u0131nda hapis cezas\u0131 istendi. Duru\u015fma 15 Ocak 2026\u2019ya ertelendi.\u00a0<a href=\"https:\/\/www.gercekgundem.com\/spor\/fenerbahce-galatasaray-derbisindeki-olaylar-mahkemeye-tasindi-2-yildiz-isme-hapis-soku-561971\" target=\"_blank\" class=\"feedzy-rss-link-icon\">Read More<\/a><\/p>","protected":false},"excerpt":{"rendered":"<p>Ge\u00e7en sezonki Fenerbah\u00e7e-Galatasaray derbisinde ya\u015fanan olaylarla ilgili Jayden Oosterwolde, Mert Hakan Yanda\u015f, Ertu\u011frul Karanl\u0131k, Hulusi Belg\u00fc ve Emre Kartal hakk\u0131nda hapis cezas\u0131 istendi. Duru\u015fma 15 Ocak 2026\u2019ya ertelendi. Ge\u00e7en sezonki Fenerbah\u00e7e-Galatasaray derbisinde ya\u015fanan olaylarla ilgili Jayden Oosterwolde, Mert Hakan Yanda\u015f, Ertu\u011frul Karanl\u0131k, Hulusi Belg\u00fc ve Emre Kartal hakk\u0131nda hapis cezas\u0131 istendi. Duru\u015fma 15 Ocak 2026\u2019ya [&hellip;]<\/p>\n","protected":false},"author":1,"featured_media":11063,"comment_status":"open","ping_status":"open","sticky":false,"template":"","format":"standard","meta":{"footnotes":"","_links_to":"","_links_to_target":""},"categories":[1],"tags":[],"class_list":["post-11062","post","type-post","status-publish","format-standard","has-post-thumbnail","hentry","category-haberler"],"_links":{"self":[{"href":"https:\/\/www.abchukuk.com\/index.php\/wp-json\/wp\/v2\/posts\/11062","targetHints":{"allow":["GET"]}}],"collection":[{"href":"https:\/\/www.abchukuk.com\/index.php\/wp-json\/wp\/v2\/posts"}],"about":[{"href":"https:\/\/www.abchukuk.com\/index.php\/wp-json\/wp\/v2\/types\/post"}],"author":[{"embeddable":true,"href":"https:\/\/www.abchukuk.com\/index.php\/wp-json\/wp\/v2\/users\/1"}],"replies":[{"embeddable":true,"href":"https:\/\/www.abchukuk.com\/index.php\/wp-json\/wp\/v2\/comments?post=11062"}],"version-history":[{"count":0,"href":"https:\/\/www.abchukuk.com\/index.php\/wp-json\/wp\/v2\/posts\/11062\/revisions"}],"wp:featuredmedia":[{"embeddable":true,"href":"https:\/\/www.abchukuk.com\/index.php\/wp-json\/wp\/v2\/media\/11063"}],"wp:attachment":[{"href":"https:\/\/www.abchukuk.com\/index.php\/wp-json\/wp\/v2\/media?parent=11062"}],"wp:term":[{"taxonomy":"category","embeddable":true,"href":"https:\/\/www.abchukuk.com\/index.php\/wp-json\/wp\/v2\/categories?post=11062"},{"taxonomy":"post_tag","embeddable":true,"href":"https:\/\/www.abchukuk.com\/index.php\/wp-json\/wp\/v2\/tags?post=11062"}],"curies":[{"name":"wp","href":"https:\/\/api.w.org\/{rel}","templated":true}]}}