{"id":11057,"date":"2025-11-13T15:11:00","date_gmt":"2025-11-13T15:11:00","guid":{"rendered":"https:\/\/www.abchukuk.com\/index.php\/2025\/11\/13\/cezaevinden-izinli-cikti-silahla-basindan-vurulmus-halde-olu-bulundu\/"},"modified":"2025-11-13T15:11:00","modified_gmt":"2025-11-13T15:11:00","slug":"cezaevinden-izinli-cikti-silahla-basindan-vurulmus-halde-olu-bulundu","status":"publish","type":"post","link":"https:\/\/www.abchukuk.com\/index.php\/2025\/11\/13\/cezaevinden-izinli-cikti-silahla-basindan-vurulmus-halde-olu-bulundu\/","title":{"rendered":"Cezaevinden izinli \u00e7\u0131kt\u0131: Silahla ba\u015f\u0131ndan vurulmu\u015f halde \u00f6l\u00fc bulundu"},"content":{"rendered":"<p>Ayd\u0131n&#8217;\u0131n Efeler il\u00e7esinde cezaevinden izinli \u00e7\u0131kt\u0131\u011f\u0131 \u00f6\u011frenilen 35 ya\u015f\u0131ndaki \u015fah\u0131s bir bah\u00e7ede silahla ba\u015f\u0131ndan vurulmu\u015f halde \u00f6l\u00fc bulundu. Olayla ilgili soru\u015fturma ba\u015flat\u0131ld\u0131.Ayd\u0131n&#8217;\u0131n Efeler il\u00e7esinde cezaevinden izinli \u00e7\u0131kt\u0131\u011f\u0131 \u00f6\u011frenilen 35 ya\u015f\u0131ndaki \u015fah\u0131s bir bah\u00e7ede silahla ba\u015f\u0131ndan vurulmu\u015f halde \u00f6l\u00fc bulundu. Olayla ilgili soru\u015fturma ba\u015flat\u0131ld\u0131.\u00a0<a href=\"https:\/\/www.cumhuriyet.com.tr\/turkiye\/cezaevinden-izinli-cikti-silahla-basindan-vurulmus-halde-olu-bulundu-2452412\" target=\"_blank\" class=\"feedzy-rss-link-icon\">Read More<\/a><\/p>","protected":false},"excerpt":{"rendered":"<p>Ayd\u0131n&#8217;\u0131n Efeler il\u00e7esinde cezaevinden izinli \u00e7\u0131kt\u0131\u011f\u0131 \u00f6\u011frenilen 35 ya\u015f\u0131ndaki \u015fah\u0131s bir bah\u00e7ede silahla ba\u015f\u0131ndan vurulmu\u015f halde \u00f6l\u00fc bulundu. Olayla ilgili soru\u015fturma ba\u015flat\u0131ld\u0131.Ayd\u0131n&#8217;\u0131n Efeler il\u00e7esinde cezaevinden izinli \u00e7\u0131kt\u0131\u011f\u0131 \u00f6\u011frenilen 35 ya\u015f\u0131ndaki \u015fah\u0131s bir bah\u00e7ede silahla ba\u015f\u0131ndan vurulmu\u015f halde \u00f6l\u00fc bulundu. Olayla ilgili soru\u015fturma ba\u015flat\u0131ld\u0131.\u00a0Read More<\/p>\n","protected":false},"author":1,"featured_media":11058,"comment_status":"open","ping_status":"open","sticky":false,"template":"","format":"standard","meta":{"footnotes":"","_links_to":"","_links_to_target":""},"categories":[1],"tags":[],"class_list":["post-11057","post","type-post","status-publish","format-standard","has-post-thumbnail","hentry","category-haberler"],"_links":{"self":[{"href":"https:\/\/www.abchukuk.com\/index.php\/wp-json\/wp\/v2\/posts\/11057","targetHints":{"allow":["GET"]}}],"collection":[{"href":"https:\/\/www.abchukuk.com\/index.php\/wp-json\/wp\/v2\/posts"}],"about":[{"href":"https:\/\/www.abchukuk.com\/index.php\/wp-json\/wp\/v2\/types\/post"}],"author":[{"embeddable":true,"href":"https:\/\/www.abchukuk.com\/index.php\/wp-json\/wp\/v2\/users\/1"}],"replies":[{"embeddable":true,"href":"https:\/\/www.abchukuk.com\/index.php\/wp-json\/wp\/v2\/comments?post=11057"}],"version-history":[{"count":0,"href":"https:\/\/www.abchukuk.com\/index.php\/wp-json\/wp\/v2\/posts\/11057\/revisions"}],"wp:featuredmedia":[{"embeddable":true,"href":"https:\/\/www.abchukuk.com\/index.php\/wp-json\/wp\/v2\/media\/11058"}],"wp:attachment":[{"href":"https:\/\/www.abchukuk.com\/index.php\/wp-json\/wp\/v2\/media?parent=11057"}],"wp:term":[{"taxonomy":"category","embeddable":true,"href":"https:\/\/www.abchukuk.com\/index.php\/wp-json\/wp\/v2\/categories?post=11057"},{"taxonomy":"post_tag","embeddable":true,"href":"https:\/\/www.abchukuk.com\/index.php\/wp-json\/wp\/v2\/tags?post=11057"}],"curies":[{"name":"wp","href":"https:\/\/api.w.org\/{rel}","templated":true}]}}