{"id":10829,"date":"2025-11-11T13:26:00","date_gmt":"2025-11-11T13:26:00","guid":{"rendered":"https:\/\/www.abchukuk.com\/index.php\/2025\/11\/11\/borsada-manipulasyona-agir-cezalar-yolda\/"},"modified":"2025-11-11T13:26:00","modified_gmt":"2025-11-11T13:26:00","slug":"borsada-manipulasyona-agir-cezalar-yolda","status":"publish","type":"post","link":"https:\/\/www.abchukuk.com\/index.php\/2025\/11\/11\/borsada-manipulasyona-agir-cezalar-yolda\/","title":{"rendered":"Borsada manip\u00fclasyona a\u011f\u0131r cezalar yolda!"},"content":{"rendered":"<p>Sermaye piyasalar\u0131nda doland\u0131r\u0131c\u0131l\u0131k ve manip\u00fclasyonla m\u00fccadelede yeni d\u00f6nem ba\u015fl\u0131yor. Hazine ve Maliye Bakanl\u0131\u011f\u0131 ile SPK, cezalar\u0131 art\u0131racak ve d\u00fczenleyici \u00e7er\u00e7eveyi g\u00fc\u00e7lendirecek. Yat\u0131r\u0131m fonlar\u0131 \u00fczerinden yap\u0131lan i\u015flemlerde de cezai sorumluluk netle\u015ftirilecek.Sermaye piyasalar\u0131nda doland\u0131r\u0131c\u0131l\u0131k ve manip\u00fclasyonla m\u00fccadelede yeni d\u00f6nem ba\u015fl\u0131yor. Hazine ve Maliye Bakanl\u0131\u011f\u0131 ile SPK, cezalar\u0131 art\u0131racak ve d\u00fczenleyici \u00e7er\u00e7eveyi g\u00fc\u00e7lendirecek. Yat\u0131r\u0131m fonlar\u0131 \u00fczerinden yap\u0131lan i\u015flemlerde de cezai sorumluluk netle\u015ftirilecek.\u00a0<a href=\"https:\/\/www.cumhuriyet.com.tr\/ekonomi\/borsada-manipulasyona-agir-cezalar-yolda-2451832\" target=\"_blank\" class=\"feedzy-rss-link-icon\">Read More<\/a><\/p>","protected":false},"excerpt":{"rendered":"<p>Sermaye piyasalar\u0131nda doland\u0131r\u0131c\u0131l\u0131k ve manip\u00fclasyonla m\u00fccadelede yeni d\u00f6nem ba\u015fl\u0131yor. Hazine ve Maliye Bakanl\u0131\u011f\u0131 ile SPK, cezalar\u0131 art\u0131racak ve d\u00fczenleyici \u00e7er\u00e7eveyi g\u00fc\u00e7lendirecek. Yat\u0131r\u0131m fonlar\u0131 \u00fczerinden yap\u0131lan i\u015flemlerde de cezai sorumluluk netle\u015ftirilecek.Sermaye piyasalar\u0131nda doland\u0131r\u0131c\u0131l\u0131k ve manip\u00fclasyonla m\u00fccadelede yeni d\u00f6nem ba\u015fl\u0131yor. Hazine ve Maliye Bakanl\u0131\u011f\u0131 ile SPK, cezalar\u0131 art\u0131racak ve d\u00fczenleyici \u00e7er\u00e7eveyi g\u00fc\u00e7lendirecek. Yat\u0131r\u0131m fonlar\u0131 \u00fczerinden yap\u0131lan i\u015flemlerde [&hellip;]<\/p>\n","protected":false},"author":1,"featured_media":10830,"comment_status":"open","ping_status":"open","sticky":false,"template":"","format":"standard","meta":{"footnotes":"","_links_to":"","_links_to_target":""},"categories":[1],"tags":[],"class_list":["post-10829","post","type-post","status-publish","format-standard","has-post-thumbnail","hentry","category-haberler"],"_links":{"self":[{"href":"https:\/\/www.abchukuk.com\/index.php\/wp-json\/wp\/v2\/posts\/10829","targetHints":{"allow":["GET"]}}],"collection":[{"href":"https:\/\/www.abchukuk.com\/index.php\/wp-json\/wp\/v2\/posts"}],"about":[{"href":"https:\/\/www.abchukuk.com\/index.php\/wp-json\/wp\/v2\/types\/post"}],"author":[{"embeddable":true,"href":"https:\/\/www.abchukuk.com\/index.php\/wp-json\/wp\/v2\/users\/1"}],"replies":[{"embeddable":true,"href":"https:\/\/www.abchukuk.com\/index.php\/wp-json\/wp\/v2\/comments?post=10829"}],"version-history":[{"count":0,"href":"https:\/\/www.abchukuk.com\/index.php\/wp-json\/wp\/v2\/posts\/10829\/revisions"}],"wp:featuredmedia":[{"embeddable":true,"href":"https:\/\/www.abchukuk.com\/index.php\/wp-json\/wp\/v2\/media\/10830"}],"wp:attachment":[{"href":"https:\/\/www.abchukuk.com\/index.php\/wp-json\/wp\/v2\/media?parent=10829"}],"wp:term":[{"taxonomy":"category","embeddable":true,"href":"https:\/\/www.abchukuk.com\/index.php\/wp-json\/wp\/v2\/categories?post=10829"},{"taxonomy":"post_tag","embeddable":true,"href":"https:\/\/www.abchukuk.com\/index.php\/wp-json\/wp\/v2\/tags?post=10829"}],"curies":[{"name":"wp","href":"https:\/\/api.w.org\/{rel}","templated":true}]}}