{"id":10803,"date":"2025-11-11T10:29:00","date_gmt":"2025-11-11T10:29:00","guid":{"rendered":"https:\/\/www.abchukuk.com\/index.php\/2025\/11\/11\/dem-partiden-iktidara-yargiyi-siyasallastiran-dupeduz-sizsiniz\/"},"modified":"2025-11-11T10:29:00","modified_gmt":"2025-11-11T10:29:00","slug":"dem-partiden-iktidara-yargiyi-siyasallastiran-dupeduz-sizsiniz","status":"publish","type":"post","link":"https:\/\/www.abchukuk.com\/index.php\/2025\/11\/11\/dem-partiden-iktidara-yargiyi-siyasallastiran-dupeduz-sizsiniz\/","title":{"rendered":"DEM Parti&#8217;den iktidara: &#8216;Yarg\u0131y\u0131 siyasalla\u015ft\u0131ran d\u00fcped\u00fcz sizsiniz&#8217;"},"content":{"rendered":"<p>DEM Parti E\u015f Genel Ba\u015fkan\u0131 T\u00fclay Hatimo\u011fullar\u0131, Meclis&#8217;ten bir heyetin ter\u00f6r \u00f6rg\u00fct\u00fc lideri Abdullah \u00d6calan&#8217;la g\u00f6r\u00fc\u015fmesi \u00e7a\u011fr\u0131s\u0131n\u0131 yineledi. Hatimo\u011fullar\u0131, Adalet Bakan\u0131 Y\u0131lmaz Tun\u00e7&#8217;a da &#8220;Selahattinleri, Figenleri, Can Atalaylar\u0131, A\u0130HM ve AYM kararlar\u0131na ra\u011fmen i\u00e7eride tutarak siyasal kararlar alan siz de\u011fil misiniz? Yarg\u0131y\u0131 da bu davalar\u0131 da siyasalla\u015ft\u0131ran d\u00fcped\u00fcz sizsiniz&#8221; diye seslendi.DEM Parti E\u015f Genel Ba\u015fkan\u0131 T\u00fclay Hatimo\u011fullar\u0131, Meclis&#8217;ten bir heyetin ter\u00f6r \u00f6rg\u00fct\u00fc lideri Abdullah \u00d6calan&#8217;la g\u00f6r\u00fc\u015fmesi \u00e7a\u011fr\u0131s\u0131n\u0131 yineledi. Hatimo\u011fullar\u0131, Adalet Bakan\u0131 Y\u0131lmaz Tun\u00e7&#8217;a da &#8220;Selahattinleri, Figenleri, Can Atalaylar\u0131, A\u0130HM ve AYM kararlar\u0131na ra\u011fmen i\u00e7eride tutarak siyasal kararlar alan siz de\u011fil misiniz? Yarg\u0131y\u0131 da bu davalar\u0131 da siyasalla\u015ft\u0131ran d\u00fcped\u00fcz sizsiniz&#8221; diye seslendi.\u00a0<a href=\"https:\/\/www.cumhuriyet.com.tr\/siyaset\/dem-parti-den-iktidara-yargiyi-siyasallastiran-dupeduz-sizsiniz-2451757\" target=\"_blank\" class=\"feedzy-rss-link-icon\">Read More<\/a><\/p>","protected":false},"excerpt":{"rendered":"<p>DEM Parti E\u015f Genel Ba\u015fkan\u0131 T\u00fclay Hatimo\u011fullar\u0131, Meclis&#8217;ten bir heyetin ter\u00f6r \u00f6rg\u00fct\u00fc lideri Abdullah \u00d6calan&#8217;la g\u00f6r\u00fc\u015fmesi \u00e7a\u011fr\u0131s\u0131n\u0131 yineledi. Hatimo\u011fullar\u0131, Adalet Bakan\u0131 Y\u0131lmaz Tun\u00e7&#8217;a da &#8220;Selahattinleri, Figenleri, Can Atalaylar\u0131, A\u0130HM ve AYM kararlar\u0131na ra\u011fmen i\u00e7eride tutarak siyasal kararlar alan siz de\u011fil misiniz? Yarg\u0131y\u0131 da bu davalar\u0131 da siyasalla\u015ft\u0131ran d\u00fcped\u00fcz sizsiniz&#8221; diye seslendi.DEM Parti E\u015f Genel Ba\u015fkan\u0131 [&hellip;]<\/p>\n","protected":false},"author":1,"featured_media":10804,"comment_status":"open","ping_status":"open","sticky":false,"template":"","format":"standard","meta":{"footnotes":"","_links_to":"","_links_to_target":""},"categories":[1],"tags":[],"class_list":["post-10803","post","type-post","status-publish","format-standard","has-post-thumbnail","hentry","category-haberler"],"_links":{"self":[{"href":"https:\/\/www.abchukuk.com\/index.php\/wp-json\/wp\/v2\/posts\/10803","targetHints":{"allow":["GET"]}}],"collection":[{"href":"https:\/\/www.abchukuk.com\/index.php\/wp-json\/wp\/v2\/posts"}],"about":[{"href":"https:\/\/www.abchukuk.com\/index.php\/wp-json\/wp\/v2\/types\/post"}],"author":[{"embeddable":true,"href":"https:\/\/www.abchukuk.com\/index.php\/wp-json\/wp\/v2\/users\/1"}],"replies":[{"embeddable":true,"href":"https:\/\/www.abchukuk.com\/index.php\/wp-json\/wp\/v2\/comments?post=10803"}],"version-history":[{"count":0,"href":"https:\/\/www.abchukuk.com\/index.php\/wp-json\/wp\/v2\/posts\/10803\/revisions"}],"wp:featuredmedia":[{"embeddable":true,"href":"https:\/\/www.abchukuk.com\/index.php\/wp-json\/wp\/v2\/media\/10804"}],"wp:attachment":[{"href":"https:\/\/www.abchukuk.com\/index.php\/wp-json\/wp\/v2\/media?parent=10803"}],"wp:term":[{"taxonomy":"category","embeddable":true,"href":"https:\/\/www.abchukuk.com\/index.php\/wp-json\/wp\/v2\/categories?post=10803"},{"taxonomy":"post_tag","embeddable":true,"href":"https:\/\/www.abchukuk.com\/index.php\/wp-json\/wp\/v2\/tags?post=10803"}],"curies":[{"name":"wp","href":"https:\/\/api.w.org\/{rel}","templated":true}]}}