{"id":10519,"date":"2025-11-07T12:18:59","date_gmt":"2025-11-07T12:18:59","guid":{"rendered":"https:\/\/www.abchukuk.com\/index.php\/2025\/11\/07\/hsknin-muhakkik-tayin-etmesi-lazim\/"},"modified":"2025-11-07T12:18:59","modified_gmt":"2025-11-07T12:18:59","slug":"hsknin-muhakkik-tayin-etmesi-lazim","status":"publish","type":"post","link":"https:\/\/www.abchukuk.com\/index.php\/2025\/11\/07\/hsknin-muhakkik-tayin-etmesi-lazim\/","title":{"rendered":"&#8220;HSK&#8217;n\u0131n muhakkik tayin etmesi laz\u0131m&#8221;"},"content":{"rendered":"<p>CHP lideri \u00d6zg\u00fcr \u00d6zel, \u0130stanbul Cumhuriyet Ba\u015fsavc\u0131s\u0131 Ak\u0131n G\u00fcrlek hakk\u0131nda, &#8220;\u015eimdi Hakimler ve Savc\u0131lar Kurulu&#8217;nun normal \u015fartlarda toplan\u0131p Ak\u0131n G\u00fcrlek hakk\u0131nda bir soru\u015fturma a\u00e7\u0131p bir muhakkik tayin etmesi laz\u0131m&#8221; dedi. \u00d6zel, 6 gazetecinin ifadeye \u00e7a\u011fr\u0131lmas\u0131 i\u00e7in de &#8220;Bu memlekette gazetecilik yapmak su\u00e7 de\u011fildir&#8221; ifadelerini kulland\u0131CHP lideri \u00d6zg\u00fcr \u00d6zel, \u0130stanbul Cumhuriyet Ba\u015fsavc\u0131s\u0131 Ak\u0131n G\u00fcrlek hakk\u0131nda, &#8220;\u015eimdi Hakimler ve Savc\u0131lar Kurulu&#8217;nun normal \u015fartlarda toplan\u0131p Ak\u0131n G\u00fcrlek hakk\u0131nda bir soru\u015fturma a\u00e7\u0131p bir muhakkik tayin etmesi laz\u0131m&#8221; dedi. \u00d6zel, 6 gazetecinin ifadeye \u00e7a\u011fr\u0131lmas\u0131 i\u00e7in de &#8220;Bu memlekette gazetecilik yapmak su\u00e7 de\u011fildir&#8221; ifadelerini kulland\u0131\u00a0<a href=\"https:\/\/www.haberturk.com\/son-dakika-ozgur-ozel-hsk-nin-akin-gurlek-hakkinda-muhakkik-tayin-etmesi-lazim-3836174\" target=\"_blank\" class=\"feedzy-rss-link-icon\">Read More<\/a><\/p>","protected":false},"excerpt":{"rendered":"<p>CHP lideri \u00d6zg\u00fcr \u00d6zel, \u0130stanbul Cumhuriyet Ba\u015fsavc\u0131s\u0131 Ak\u0131n G\u00fcrlek hakk\u0131nda, &#8220;\u015eimdi Hakimler ve Savc\u0131lar Kurulu&#8217;nun normal \u015fartlarda toplan\u0131p Ak\u0131n G\u00fcrlek hakk\u0131nda bir soru\u015fturma a\u00e7\u0131p bir muhakkik tayin etmesi laz\u0131m&#8221; dedi. \u00d6zel, 6 gazetecinin ifadeye \u00e7a\u011fr\u0131lmas\u0131 i\u00e7in de &#8220;Bu memlekette gazetecilik yapmak su\u00e7 de\u011fildir&#8221; ifadelerini kulland\u0131CHP lideri \u00d6zg\u00fcr \u00d6zel, \u0130stanbul Cumhuriyet Ba\u015fsavc\u0131s\u0131 Ak\u0131n G\u00fcrlek hakk\u0131nda, &#8220;\u015eimdi [&hellip;]<\/p>\n","protected":false},"author":1,"featured_media":0,"comment_status":"open","ping_status":"open","sticky":false,"template":"","format":"standard","meta":{"footnotes":"","_links_to":"","_links_to_target":""},"categories":[1],"tags":[],"class_list":["post-10519","post","type-post","status-publish","format-standard","hentry","category-haberler"],"_links":{"self":[{"href":"https:\/\/www.abchukuk.com\/index.php\/wp-json\/wp\/v2\/posts\/10519","targetHints":{"allow":["GET"]}}],"collection":[{"href":"https:\/\/www.abchukuk.com\/index.php\/wp-json\/wp\/v2\/posts"}],"about":[{"href":"https:\/\/www.abchukuk.com\/index.php\/wp-json\/wp\/v2\/types\/post"}],"author":[{"embeddable":true,"href":"https:\/\/www.abchukuk.com\/index.php\/wp-json\/wp\/v2\/users\/1"}],"replies":[{"embeddable":true,"href":"https:\/\/www.abchukuk.com\/index.php\/wp-json\/wp\/v2\/comments?post=10519"}],"version-history":[{"count":0,"href":"https:\/\/www.abchukuk.com\/index.php\/wp-json\/wp\/v2\/posts\/10519\/revisions"}],"wp:attachment":[{"href":"https:\/\/www.abchukuk.com\/index.php\/wp-json\/wp\/v2\/media?parent=10519"}],"wp:term":[{"taxonomy":"category","embeddable":true,"href":"https:\/\/www.abchukuk.com\/index.php\/wp-json\/wp\/v2\/categories?post=10519"},{"taxonomy":"post_tag","embeddable":true,"href":"https:\/\/www.abchukuk.com\/index.php\/wp-json\/wp\/v2\/tags?post=10519"}],"curies":[{"name":"wp","href":"https:\/\/api.w.org\/{rel}","templated":true}]}}