{"id":10485,"date":"2025-11-07T13:32:00","date_gmt":"2025-11-07T13:32:00","guid":{"rendered":"https:\/\/www.abchukuk.com\/index.php\/2025\/11\/07\/yargitay-corlu-tren-faciasinda-oglunu-kaybeden-misra-oze-verilen-para-cezasini-bozdu\/"},"modified":"2025-11-07T13:32:00","modified_gmt":"2025-11-07T13:32:00","slug":"yargitay-corlu-tren-faciasinda-oglunu-kaybeden-misra-oze-verilen-para-cezasini-bozdu","status":"publish","type":"post","link":"https:\/\/www.abchukuk.com\/index.php\/2025\/11\/07\/yargitay-corlu-tren-faciasinda-oglunu-kaybeden-misra-oze-verilen-para-cezasini-bozdu\/","title":{"rendered":"Yarg\u0131tay, \u00c7orlu tren facias\u0131nda o\u011flunu kaybeden M\u0131sra \u00d6z&#8217;e verilen para cezas\u0131n\u0131 bozdu"},"content":{"rendered":"<p>Yarg\u0131tay 4. Ceza Dairesi, \u00c7orlu tren facias\u0131nda 9 ya\u015f\u0131ndaki o\u011flu O\u011fuz Arda Sel&#8217;i kaybeden M\u0131sra \u00d6z&#8217;e &#8220;kamu g\u00f6revlisine hakaret&#8221; su\u00e7undan verilen 8 bin 840 liral\u0131k para cezas\u0131na ili\u015fkin karar\u0131 bozdu. Daire, dosyan\u0131n yeniden de\u011ferlendirilmek \u00fczere \u00c7orlu 5. Asliye Ceza Mahkemesi&#8217;ne g\u00f6nderilmesine h\u00fckmetti.Yarg\u0131tay 4. Ceza Dairesi, \u00c7orlu tren facias\u0131nda 9 ya\u015f\u0131ndaki o\u011flu O\u011fuz Arda Sel&#8217;i kaybeden M\u0131sra \u00d6z&#8217;e &#8220;kamu g\u00f6revlisine hakaret&#8221; su\u00e7undan verilen 8 bin 840 liral\u0131k para cezas\u0131na ili\u015fkin karar\u0131 bozdu. Daire, dosyan\u0131n yeniden de\u011ferlendirilmek \u00fczere \u00c7orlu 5. Asliye Ceza Mahkemesi&#8217;ne g\u00f6nderilmesine h\u00fckmetti.\u00a0<a href=\"https:\/\/www.cumhuriyet.com.tr\/turkiye\/yargitay-corlu-tren-faciasinda-oglunu-kaybeden-misra-oz-e-verilen-para-cezasini-bozdu-2450716\" target=\"_blank\" class=\"feedzy-rss-link-icon\">Read More<\/a><\/p>","protected":false},"excerpt":{"rendered":"<p>Yarg\u0131tay 4. Ceza Dairesi, \u00c7orlu tren facias\u0131nda 9 ya\u015f\u0131ndaki o\u011flu O\u011fuz Arda Sel&#8217;i kaybeden M\u0131sra \u00d6z&#8217;e &#8220;kamu g\u00f6revlisine hakaret&#8221; su\u00e7undan verilen 8 bin 840 liral\u0131k para cezas\u0131na ili\u015fkin karar\u0131 bozdu. Daire, dosyan\u0131n yeniden de\u011ferlendirilmek \u00fczere \u00c7orlu 5. Asliye Ceza Mahkemesi&#8217;ne g\u00f6nderilmesine h\u00fckmetti.Yarg\u0131tay 4. Ceza Dairesi, \u00c7orlu tren facias\u0131nda 9 ya\u015f\u0131ndaki o\u011flu O\u011fuz Arda Sel&#8217;i kaybeden [&hellip;]<\/p>\n","protected":false},"author":1,"featured_media":10486,"comment_status":"open","ping_status":"open","sticky":false,"template":"","format":"standard","meta":{"footnotes":"","_links_to":"","_links_to_target":""},"categories":[1],"tags":[],"class_list":["post-10485","post","type-post","status-publish","format-standard","has-post-thumbnail","hentry","category-haberler"],"_links":{"self":[{"href":"https:\/\/www.abchukuk.com\/index.php\/wp-json\/wp\/v2\/posts\/10485","targetHints":{"allow":["GET"]}}],"collection":[{"href":"https:\/\/www.abchukuk.com\/index.php\/wp-json\/wp\/v2\/posts"}],"about":[{"href":"https:\/\/www.abchukuk.com\/index.php\/wp-json\/wp\/v2\/types\/post"}],"author":[{"embeddable":true,"href":"https:\/\/www.abchukuk.com\/index.php\/wp-json\/wp\/v2\/users\/1"}],"replies":[{"embeddable":true,"href":"https:\/\/www.abchukuk.com\/index.php\/wp-json\/wp\/v2\/comments?post=10485"}],"version-history":[{"count":0,"href":"https:\/\/www.abchukuk.com\/index.php\/wp-json\/wp\/v2\/posts\/10485\/revisions"}],"wp:featuredmedia":[{"embeddable":true,"href":"https:\/\/www.abchukuk.com\/index.php\/wp-json\/wp\/v2\/media\/10486"}],"wp:attachment":[{"href":"https:\/\/www.abchukuk.com\/index.php\/wp-json\/wp\/v2\/media?parent=10485"}],"wp:term":[{"taxonomy":"category","embeddable":true,"href":"https:\/\/www.abchukuk.com\/index.php\/wp-json\/wp\/v2\/categories?post=10485"},{"taxonomy":"post_tag","embeddable":true,"href":"https:\/\/www.abchukuk.com\/index.php\/wp-json\/wp\/v2\/tags?post=10485"}],"curies":[{"name":"wp","href":"https:\/\/api.w.org\/{rel}","templated":true}]}}