{"id":10483,"date":"2025-11-07T13:32:00","date_gmt":"2025-11-07T13:32:00","guid":{"rendered":"https:\/\/www.abchukuk.com\/index.php\/2025\/11\/07\/izmirde-saraclar-suc-orgutune-operasyon-2si-kamu-gorevlisi-23-kisi-adliyeye-sevk-edildi\/"},"modified":"2025-11-07T13:32:00","modified_gmt":"2025-11-07T13:32:00","slug":"izmirde-saraclar-suc-orgutune-operasyon-2si-kamu-gorevlisi-23-kisi-adliyeye-sevk-edildi","status":"publish","type":"post","link":"https:\/\/www.abchukuk.com\/index.php\/2025\/11\/07\/izmirde-saraclar-suc-orgutune-operasyon-2si-kamu-gorevlisi-23-kisi-adliyeye-sevk-edildi\/","title":{"rendered":"\u0130zmir&#8217;de &#8216;Sara\u00e7lar&#8217; su\u00e7 \u00f6rg\u00fct\u00fcne operasyon: 2&#8217;si kamu g\u00f6revlisi 23 ki\u015fi adliyeye sevk edildi!"},"content":{"rendered":"<p>\u201cSara\u00e7lar\u201d su\u00e7 \u00f6rg\u00fct\u00fcne y\u00f6nelik operasyonda g\u00f6zalt\u0131na al\u0131nan 23 \u015f\u00fcpheli, jandarmadaki i\u015flemlerinin ard\u0131ndan adliyeye sevk edildi.\u201cSara\u00e7lar\u201d su\u00e7 \u00f6rg\u00fct\u00fcne y\u00f6nelik operasyonda g\u00f6zalt\u0131na al\u0131nan 23 \u015f\u00fcpheli, jandarmadaki i\u015flemlerinin ard\u0131ndan adliyeye sevk edildi.\u00a0<a href=\"https:\/\/www.cumhuriyet.com.tr\/turkiye\/izmir-de-saraclar-suc-orgutune-operasyon-2-si-kamu-gorevlisi-23-kisi-adliyeye-sevk-edildi-2450715\" target=\"_blank\" class=\"feedzy-rss-link-icon\">Read More<\/a><\/p>","protected":false},"excerpt":{"rendered":"<p>\u201cSara\u00e7lar\u201d su\u00e7 \u00f6rg\u00fct\u00fcne y\u00f6nelik operasyonda g\u00f6zalt\u0131na al\u0131nan 23 \u015f\u00fcpheli, jandarmadaki i\u015flemlerinin ard\u0131ndan adliyeye sevk edildi.\u201cSara\u00e7lar\u201d su\u00e7 \u00f6rg\u00fct\u00fcne y\u00f6nelik operasyonda g\u00f6zalt\u0131na al\u0131nan 23 \u015f\u00fcpheli, jandarmadaki i\u015flemlerinin ard\u0131ndan adliyeye sevk edildi.\u00a0Read More<\/p>\n","protected":false},"author":1,"featured_media":10484,"comment_status":"open","ping_status":"open","sticky":false,"template":"","format":"standard","meta":{"footnotes":"","_links_to":"","_links_to_target":""},"categories":[1],"tags":[],"class_list":["post-10483","post","type-post","status-publish","format-standard","has-post-thumbnail","hentry","category-haberler"],"_links":{"self":[{"href":"https:\/\/www.abchukuk.com\/index.php\/wp-json\/wp\/v2\/posts\/10483","targetHints":{"allow":["GET"]}}],"collection":[{"href":"https:\/\/www.abchukuk.com\/index.php\/wp-json\/wp\/v2\/posts"}],"about":[{"href":"https:\/\/www.abchukuk.com\/index.php\/wp-json\/wp\/v2\/types\/post"}],"author":[{"embeddable":true,"href":"https:\/\/www.abchukuk.com\/index.php\/wp-json\/wp\/v2\/users\/1"}],"replies":[{"embeddable":true,"href":"https:\/\/www.abchukuk.com\/index.php\/wp-json\/wp\/v2\/comments?post=10483"}],"version-history":[{"count":0,"href":"https:\/\/www.abchukuk.com\/index.php\/wp-json\/wp\/v2\/posts\/10483\/revisions"}],"wp:featuredmedia":[{"embeddable":true,"href":"https:\/\/www.abchukuk.com\/index.php\/wp-json\/wp\/v2\/media\/10484"}],"wp:attachment":[{"href":"https:\/\/www.abchukuk.com\/index.php\/wp-json\/wp\/v2\/media?parent=10483"}],"wp:term":[{"taxonomy":"category","embeddable":true,"href":"https:\/\/www.abchukuk.com\/index.php\/wp-json\/wp\/v2\/categories?post=10483"},{"taxonomy":"post_tag","embeddable":true,"href":"https:\/\/www.abchukuk.com\/index.php\/wp-json\/wp\/v2\/tags?post=10483"}],"curies":[{"name":"wp","href":"https:\/\/api.w.org\/{rel}","templated":true}]}}