{"id":10469,"date":"2025-11-07T12:15:21","date_gmt":"2025-11-07T12:15:21","guid":{"rendered":"https:\/\/www.abchukuk.com\/index.php\/2025\/11\/07\/kusadasi-belediye-baskanina-dava-gorevi-kotuye-kullandigi-iddiasiyla-yargilanacak\/"},"modified":"2025-11-07T12:15:21","modified_gmt":"2025-11-07T12:15:21","slug":"kusadasi-belediye-baskanina-dava-gorevi-kotuye-kullandigi-iddiasiyla-yargilanacak","status":"publish","type":"post","link":"https:\/\/www.abchukuk.com\/index.php\/2025\/11\/07\/kusadasi-belediye-baskanina-dava-gorevi-kotuye-kullandigi-iddiasiyla-yargilanacak\/","title":{"rendered":"Ku\u015fadas\u0131 Belediye Ba\u015fkan\u0131&#8217;na dava: G\u00f6revi k\u00f6t\u00fcye kulland\u0131\u011f\u0131 iddias\u0131yla yarg\u0131lanacak"},"content":{"rendered":"<p>Ku\u015fadas\u0131 Belediye Ba\u015fkan\u0131 \u00d6mer G\u00fcnel&#8217;in de aralar\u0131nda bulundu\u011fu \u00fc\u00e7 ki\u015fi, g\u00f6revi k\u00f6t\u00fcye kullanma iddias\u0131yla yarg\u0131lanacak.Ku\u015fadas\u0131 Belediye Ba\u015fkan\u0131 \u00d6mer G\u00fcnel&#8217;in de aralar\u0131nda bulundu\u011fu \u00fc\u00e7 ki\u015fi, g\u00f6revi k\u00f6t\u00fcye kullanma iddias\u0131yla yarg\u0131lanacak.\u00a0<a href=\"https:\/\/anlatilaninotesi.com.tr\/20251107\/kusadasi-belediye-baskanina-dava-gorevi-kotuye-kullandigi-iddiasiyla-yargilanacak-1100822794.html\" target=\"_blank\" class=\"feedzy-rss-link-icon\">Read More<\/a><\/p>","protected":false},"excerpt":{"rendered":"<p>Ku\u015fadas\u0131 Belediye Ba\u015fkan\u0131 \u00d6mer G\u00fcnel&#8217;in de aralar\u0131nda bulundu\u011fu \u00fc\u00e7 ki\u015fi, g\u00f6revi k\u00f6t\u00fcye kullanma iddias\u0131yla yarg\u0131lanacak.Ku\u015fadas\u0131 Belediye Ba\u015fkan\u0131 \u00d6mer G\u00fcnel&#8217;in de aralar\u0131nda bulundu\u011fu \u00fc\u00e7 ki\u015fi, g\u00f6revi k\u00f6t\u00fcye kullanma iddias\u0131yla yarg\u0131lanacak.\u00a0Read More<\/p>\n","protected":false},"author":1,"featured_media":0,"comment_status":"open","ping_status":"open","sticky":false,"template":"","format":"standard","meta":{"footnotes":"","_links_to":"","_links_to_target":""},"categories":[1],"tags":[],"class_list":["post-10469","post","type-post","status-publish","format-standard","hentry","category-haberler"],"_links":{"self":[{"href":"https:\/\/www.abchukuk.com\/index.php\/wp-json\/wp\/v2\/posts\/10469","targetHints":{"allow":["GET"]}}],"collection":[{"href":"https:\/\/www.abchukuk.com\/index.php\/wp-json\/wp\/v2\/posts"}],"about":[{"href":"https:\/\/www.abchukuk.com\/index.php\/wp-json\/wp\/v2\/types\/post"}],"author":[{"embeddable":true,"href":"https:\/\/www.abchukuk.com\/index.php\/wp-json\/wp\/v2\/users\/1"}],"replies":[{"embeddable":true,"href":"https:\/\/www.abchukuk.com\/index.php\/wp-json\/wp\/v2\/comments?post=10469"}],"version-history":[{"count":0,"href":"https:\/\/www.abchukuk.com\/index.php\/wp-json\/wp\/v2\/posts\/10469\/revisions"}],"wp:attachment":[{"href":"https:\/\/www.abchukuk.com\/index.php\/wp-json\/wp\/v2\/media?parent=10469"}],"wp:term":[{"taxonomy":"category","embeddable":true,"href":"https:\/\/www.abchukuk.com\/index.php\/wp-json\/wp\/v2\/categories?post=10469"},{"taxonomy":"post_tag","embeddable":true,"href":"https:\/\/www.abchukuk.com\/index.php\/wp-json\/wp\/v2\/tags?post=10469"}],"curies":[{"name":"wp","href":"https:\/\/api.w.org\/{rel}","templated":true}]}}