{"id":10468,"date":"2025-11-07T12:17:53","date_gmt":"2025-11-07T12:17:53","guid":{"rendered":"https:\/\/www.abchukuk.com\/index.php\/2025\/11\/07\/yargi-teskilati-antalyada-toplaniyor\/"},"modified":"2025-11-07T12:17:53","modified_gmt":"2025-11-07T12:17:53","slug":"yargi-teskilati-antalyada-toplaniyor","status":"publish","type":"post","link":"https:\/\/www.abchukuk.com\/index.php\/2025\/11\/07\/yargi-teskilati-antalyada-toplaniyor\/","title":{"rendered":"Yarg\u0131 Te\u015fkilat\u0131 Antalya\u2019da toplan\u0131yor"},"content":{"rendered":"<p>Antalya\u2019da yap\u0131lacak toplant\u0131da Cumhurba\u015fkan\u0131 Recep Tayyip Erdo\u011fan taraf\u0131ndan 23 Ocak\u2019ta kamuoyu ile payla\u015f\u0131lan, hukukun \u00fcst\u00fcnl\u00fc\u011f\u00fcn\u00fc esas alan, gecikmeyen ve \u00f6ng\u00f6r\u00fclebilir bir adalet sistemi vizyonuyla d\u00fczenlenen T\u00fcrkiye Y\u00fczy\u0131l\u0131 Yarg\u0131 Reformu Stratejisiyle belirlenen hedefler de\u011ferlendirilecek. Yarg\u0131n\u0131n daha etkili ve verimli \u00e7al\u0131\u015fmas\u0131n\u0131 sa\u011flamak amac\u0131yla adalet sisteminin ihtiya\u00e7 duydu\u011fu d\u00fczenlemeler ve yenilikler t\u00fcm y\u00f6nleriyle ele al\u0131nacak.<\/p>\n<p>424 KATILIMCI 2 G\u00dcN SUNUMLARA KATILACAK<br \/>\nAyr\u0131ca toplant\u0131da Cumhuriyet ba\u015fsavc\u0131lar\u0131 ve komisyon ba\u015fkanlar\u0131 ile birlikte H\u00e2kimler ve Savc\u0131lar Kurulu (HSK) temsilcileri ve Bakanl\u0131k birimleri yarg\u0131 te\u015fkilat\u0131na ili\u015fkin soru ve \u00f6nerileri kar\u015f\u0131l\u0131kl\u0131 olarak de\u011ferlendirecek. Toplant\u0131da HSK temsilcileri ile Bakanl\u0131k birimleri sunum yaparak te\u015fkilata ili\u015fkin beklenti ve \u00f6nerilerini kat\u0131l\u0131mc\u0131lara iletecek.<br \/>\nHSK ve Bakanl\u0131k birimlerinin yapaca\u011f\u0131 sunumlarla merkez te\u015fkilat\u0131 ile ta\u015fra te\u015fkilat\u0131 aras\u0131nda sorun ve \u00f6nerilerin tart\u0131\u015f\u0131lmas\u0131n\u0131 sa\u011flayarak ileti\u015fim ve koordinasyonun art\u0131r\u0131lmas\u0131 hedefliyor.<br \/>\nToplant\u0131ya B\u00f6lge Adliye Mahkemesi (BAM) Cumhuriyet Ba\u015fsavc\u0131lar\u0131 ve BAM Ba\u015fkanlar\u0131, B\u00f6lge \u0130dare Mahkemesi (B\u0130M) Ba\u015fkanlar\u0131, Cumhuriyet Ba\u015fsavc\u0131lar\u0131, Adli Yarg\u0131 \u0130lk Derece Mahkemesi Adalet Komisyonu Ba\u015fkanlar\u0131 ba\u015fta olmak \u00fczere H\u00e2kimler ve Savc\u0131lar Kurulu ile Bakanl\u0131k birimlerinden gelen toplam 424 ki\u015fi kat\u0131lacak.<\/p>\n<p>Adalet Bakanl\u0131\u011f\u0131 taraf\u0131ndan yap\u0131lan Yarg\u0131 Te\u015fkilat\u0131 Toplant\u0131s\u0131 bu y\u0131l 8-9 Kas\u0131m tarihlerinde ger\u00e7ekle\u015ftirilecek. Adalet Bakan\u0131 Y\u0131lmaz Tun\u00e7\u2019un a\u00e7\u0131l\u0131\u015f konu\u015fmas\u0131n\u0131 yapaca\u011f\u0131 toplant\u0131da T\u00fcrkiye Y\u00fczy\u0131l\u0131 Yarg\u0131 Reformu Strateji (YRS) belgesinde belirlenen hedefler ele al\u0131nacak.\u00a0<a href=\"https:\/\/www.son.tv\/yargi-teskilati-antalyada-toplaniyor\/\" target=\"_blank\" class=\"feedzy-rss-link-icon\">Read More<\/a><\/p>","protected":false},"excerpt":{"rendered":"<p>Antalya\u2019da yap\u0131lacak toplant\u0131da Cumhurba\u015fkan\u0131 Recep Tayyip Erdo\u011fan taraf\u0131ndan 23 Ocak\u2019ta kamuoyu ile payla\u015f\u0131lan, hukukun \u00fcst\u00fcnl\u00fc\u011f\u00fcn\u00fc esas alan, gecikmeyen ve \u00f6ng\u00f6r\u00fclebilir bir adalet sistemi vizyonuyla d\u00fczenlenen T\u00fcrkiye Y\u00fczy\u0131l\u0131 Yarg\u0131 Reformu Stratejisiyle belirlenen hedefler de\u011ferlendirilecek. Yarg\u0131n\u0131n daha etkili ve verimli \u00e7al\u0131\u015fmas\u0131n\u0131 sa\u011flamak amac\u0131yla adalet sisteminin ihtiya\u00e7 duydu\u011fu d\u00fczenlemeler ve yenilikler t\u00fcm y\u00f6nleriyle ele al\u0131nacak. 424 KATILIMCI 2 [&hellip;]<\/p>\n","protected":false},"author":1,"featured_media":0,"comment_status":"open","ping_status":"open","sticky":false,"template":"","format":"standard","meta":{"footnotes":"","_links_to":"","_links_to_target":""},"categories":[1],"tags":[],"class_list":["post-10468","post","type-post","status-publish","format-standard","hentry","category-haberler"],"_links":{"self":[{"href":"https:\/\/www.abchukuk.com\/index.php\/wp-json\/wp\/v2\/posts\/10468","targetHints":{"allow":["GET"]}}],"collection":[{"href":"https:\/\/www.abchukuk.com\/index.php\/wp-json\/wp\/v2\/posts"}],"about":[{"href":"https:\/\/www.abchukuk.com\/index.php\/wp-json\/wp\/v2\/types\/post"}],"author":[{"embeddable":true,"href":"https:\/\/www.abchukuk.com\/index.php\/wp-json\/wp\/v2\/users\/1"}],"replies":[{"embeddable":true,"href":"https:\/\/www.abchukuk.com\/index.php\/wp-json\/wp\/v2\/comments?post=10468"}],"version-history":[{"count":0,"href":"https:\/\/www.abchukuk.com\/index.php\/wp-json\/wp\/v2\/posts\/10468\/revisions"}],"wp:attachment":[{"href":"https:\/\/www.abchukuk.com\/index.php\/wp-json\/wp\/v2\/media?parent=10468"}],"wp:term":[{"taxonomy":"category","embeddable":true,"href":"https:\/\/www.abchukuk.com\/index.php\/wp-json\/wp\/v2\/categories?post=10468"},{"taxonomy":"post_tag","embeddable":true,"href":"https:\/\/www.abchukuk.com\/index.php\/wp-json\/wp\/v2\/tags?post=10468"}],"curies":[{"name":"wp","href":"https:\/\/api.w.org\/{rel}","templated":true}]}}