{"id":10461,"date":"2025-11-07T12:44:03","date_gmt":"2025-11-07T12:44:03","guid":{"rendered":"https:\/\/www.abchukuk.com\/index.php\/2025\/11\/07\/pariste-israil-filarmoni-konserinde-arbede-4-kisi-gozaltina-alindi\/"},"modified":"2025-11-07T12:44:03","modified_gmt":"2025-11-07T12:44:03","slug":"pariste-israil-filarmoni-konserinde-arbede-4-kisi-gozaltina-alindi","status":"publish","type":"post","link":"https:\/\/www.abchukuk.com\/index.php\/2025\/11\/07\/pariste-israil-filarmoni-konserinde-arbede-4-kisi-gozaltina-alindi\/","title":{"rendered":"Paris\u2019te \u0130srail Filarmoni konserinde arbede: 4 ki\u015fi g\u00f6zalt\u0131na al\u0131nd\u0131"},"content":{"rendered":"<p>Fransa\u2019n\u0131n ba\u015fkenti Paris\u2019teki \u0130srail Filarmoni Orkestras\u0131 konseri, Filistin\u2019e y\u00f6nelik sald\u0131r\u0131lara tepki g\u00f6steren protestocular taraf\u0131ndan kesintiye u\u011frad\u0131. Konserde duman fi\u015fe\u011fi yak\u0131ld\u0131, 4 ki\u015fi g\u00f6zalt\u0131na al\u0131nd\u0131.Fransa\u2019n\u0131n ba\u015fkenti Paris\u2019teki \u0130srail Filarmoni Orkestras\u0131 konseri, Filistin\u2019e y\u00f6nelik sald\u0131r\u0131lara tepki g\u00f6steren protestocular taraf\u0131ndan kesintiye u\u011frad\u0131. Konserde duman fi\u015fe\u011fi yak\u0131ld\u0131, 4 ki\u015fi g\u00f6zalt\u0131na al\u0131nd\u0131.\u00a0<a href=\"https:\/\/anlatilaninotesi.com.tr\/20251107\/pariste-israil-filarmoni-konserinde-arbede-4-kisi-gozaltina-alindi-1100824442.html\" target=\"_blank\" class=\"feedzy-rss-link-icon\">Read More<\/a><\/p>","protected":false},"excerpt":{"rendered":"<p>Fransa\u2019n\u0131n ba\u015fkenti Paris\u2019teki \u0130srail Filarmoni Orkestras\u0131 konseri, Filistin\u2019e y\u00f6nelik sald\u0131r\u0131lara tepki g\u00f6steren protestocular taraf\u0131ndan kesintiye u\u011frad\u0131. Konserde duman fi\u015fe\u011fi yak\u0131ld\u0131, 4 ki\u015fi g\u00f6zalt\u0131na al\u0131nd\u0131.Fransa\u2019n\u0131n ba\u015fkenti Paris\u2019teki \u0130srail Filarmoni Orkestras\u0131 konseri, Filistin\u2019e y\u00f6nelik sald\u0131r\u0131lara tepki g\u00f6steren protestocular taraf\u0131ndan kesintiye u\u011frad\u0131. Konserde duman fi\u015fe\u011fi yak\u0131ld\u0131, 4 ki\u015fi g\u00f6zalt\u0131na al\u0131nd\u0131.\u00a0Read More<\/p>\n","protected":false},"author":1,"featured_media":0,"comment_status":"open","ping_status":"open","sticky":false,"template":"","format":"standard","meta":{"footnotes":"","_links_to":"","_links_to_target":""},"categories":[1],"tags":[],"class_list":["post-10461","post","type-post","status-publish","format-standard","hentry","category-haberler"],"_links":{"self":[{"href":"https:\/\/www.abchukuk.com\/index.php\/wp-json\/wp\/v2\/posts\/10461","targetHints":{"allow":["GET"]}}],"collection":[{"href":"https:\/\/www.abchukuk.com\/index.php\/wp-json\/wp\/v2\/posts"}],"about":[{"href":"https:\/\/www.abchukuk.com\/index.php\/wp-json\/wp\/v2\/types\/post"}],"author":[{"embeddable":true,"href":"https:\/\/www.abchukuk.com\/index.php\/wp-json\/wp\/v2\/users\/1"}],"replies":[{"embeddable":true,"href":"https:\/\/www.abchukuk.com\/index.php\/wp-json\/wp\/v2\/comments?post=10461"}],"version-history":[{"count":0,"href":"https:\/\/www.abchukuk.com\/index.php\/wp-json\/wp\/v2\/posts\/10461\/revisions"}],"wp:attachment":[{"href":"https:\/\/www.abchukuk.com\/index.php\/wp-json\/wp\/v2\/media?parent=10461"}],"wp:term":[{"taxonomy":"category","embeddable":true,"href":"https:\/\/www.abchukuk.com\/index.php\/wp-json\/wp\/v2\/categories?post=10461"},{"taxonomy":"post_tag","embeddable":true,"href":"https:\/\/www.abchukuk.com\/index.php\/wp-json\/wp\/v2\/tags?post=10461"}],"curies":[{"name":"wp","href":"https:\/\/api.w.org\/{rel}","templated":true}]}}