{"id":10459,"date":"2025-11-07T12:51:52","date_gmt":"2025-11-07T12:51:52","guid":{"rendered":"https:\/\/www.abchukuk.com\/index.php\/2025\/11\/07\/hapis-cezasi-isteniyor-bir-chpli-belediye-baskanina-daha-dava\/"},"modified":"2025-11-07T12:51:52","modified_gmt":"2025-11-07T12:51:52","slug":"hapis-cezasi-isteniyor-bir-chpli-belediye-baskanina-daha-dava","status":"publish","type":"post","link":"https:\/\/www.abchukuk.com\/index.php\/2025\/11\/07\/hapis-cezasi-isteniyor-bir-chpli-belediye-baskanina-daha-dava\/","title":{"rendered":"Hapis Cezas\u0131 \u0130steniyor: Bir CHP&#8217;li Belediye Ba\u015fkan\u0131na Daha Dava"},"content":{"rendered":"<p><a href=\"https:\/\/www.gercekgundem.com\/guncel\/hapis-cezasi-isteniyor-bir-chpli-belediye-baskanina-daha-dava-561625\"><br \/>\n                                                            <img decoding=\"async\" src=\"https:\/\/i.gercekgundem.com\/2\/150\/84\/storage\/files\/images\/2025\/11\/07\/hapis-cezasi-isteniyor-bir-chpli-belediye-baskanina-daha-dava-2aie.jpg\" width=\"150\" height=\"84\" border=\"0\" align=\"right\" \/><br \/>\n                                                    <\/a><\/p>\n<h4>Ku\u015fadas\u0131 Belediye Ba\u015fkan\u0131 \u00d6mer G\u00fcnel&#8217;e &#8216;g\u00f6revi k\u00f6t\u00fcye kullanma&#8217; su\u00e7lamas\u0131yla dava a\u00e7\u0131ld\u0131. \u00d6mer G\u00fcnel&#8217;in de aralar\u0131nda bulundu\u011fu 3 ki\u015finin 6&#8217;\u015far aydan 2&#8217;\u015fer y\u0131la kadar hapis cezas\u0131 isteniyor.<\/h4>\n<p>Ku\u015fadas\u0131 Belediye Ba\u015fkan\u0131 \u00d6mer G\u00fcnel&#8217;e &#8216;g\u00f6revi k\u00f6t\u00fcye kullanma&#8217; su\u00e7lamas\u0131yla dava a\u00e7\u0131ld\u0131. \u00d6mer G\u00fcnel&#8217;in de aralar\u0131nda bulundu\u011fu 3 ki\u015finin 6&#8217;\u015far aydan 2&#8217;\u015fer y\u0131la kadar hapis cezas\u0131 isteniyor.\u00a0<a href=\"https:\/\/www.gercekgundem.com\/guncel\/hapis-cezasi-isteniyor-bir-chpli-belediye-baskanina-daha-dava-561625\" target=\"_blank\" class=\"feedzy-rss-link-icon\">Read More<\/a><\/p>","protected":false},"excerpt":{"rendered":"<p>Ku\u015fadas\u0131 Belediye Ba\u015fkan\u0131 \u00d6mer G\u00fcnel&#8217;e &#8216;g\u00f6revi k\u00f6t\u00fcye kullanma&#8217; su\u00e7lamas\u0131yla dava a\u00e7\u0131ld\u0131. \u00d6mer G\u00fcnel&#8217;in de aralar\u0131nda bulundu\u011fu 3 ki\u015finin 6&#8217;\u015far aydan 2&#8217;\u015fer y\u0131la kadar hapis cezas\u0131 isteniyor. Ku\u015fadas\u0131 Belediye Ba\u015fkan\u0131 \u00d6mer G\u00fcnel&#8217;e &#8216;g\u00f6revi k\u00f6t\u00fcye kullanma&#8217; su\u00e7lamas\u0131yla dava a\u00e7\u0131ld\u0131. \u00d6mer G\u00fcnel&#8217;in de aralar\u0131nda bulundu\u011fu 3 ki\u015finin 6&#8217;\u015far aydan 2&#8217;\u015fer y\u0131la kadar hapis cezas\u0131 isteniyor.\u00a0Read More<\/p>\n","protected":false},"author":1,"featured_media":10460,"comment_status":"open","ping_status":"open","sticky":false,"template":"","format":"standard","meta":{"footnotes":"","_links_to":"","_links_to_target":""},"categories":[1],"tags":[],"class_list":["post-10459","post","type-post","status-publish","format-standard","has-post-thumbnail","hentry","category-haberler"],"_links":{"self":[{"href":"https:\/\/www.abchukuk.com\/index.php\/wp-json\/wp\/v2\/posts\/10459","targetHints":{"allow":["GET"]}}],"collection":[{"href":"https:\/\/www.abchukuk.com\/index.php\/wp-json\/wp\/v2\/posts"}],"about":[{"href":"https:\/\/www.abchukuk.com\/index.php\/wp-json\/wp\/v2\/types\/post"}],"author":[{"embeddable":true,"href":"https:\/\/www.abchukuk.com\/index.php\/wp-json\/wp\/v2\/users\/1"}],"replies":[{"embeddable":true,"href":"https:\/\/www.abchukuk.com\/index.php\/wp-json\/wp\/v2\/comments?post=10459"}],"version-history":[{"count":0,"href":"https:\/\/www.abchukuk.com\/index.php\/wp-json\/wp\/v2\/posts\/10459\/revisions"}],"wp:featuredmedia":[{"embeddable":true,"href":"https:\/\/www.abchukuk.com\/index.php\/wp-json\/wp\/v2\/media\/10460"}],"wp:attachment":[{"href":"https:\/\/www.abchukuk.com\/index.php\/wp-json\/wp\/v2\/media?parent=10459"}],"wp:term":[{"taxonomy":"category","embeddable":true,"href":"https:\/\/www.abchukuk.com\/index.php\/wp-json\/wp\/v2\/categories?post=10459"},{"taxonomy":"post_tag","embeddable":true,"href":"https:\/\/www.abchukuk.com\/index.php\/wp-json\/wp\/v2\/tags?post=10459"}],"curies":[{"name":"wp","href":"https:\/\/api.w.org\/{rel}","templated":true}]}}