{"id":10455,"date":"2025-11-07T09:34:00","date_gmt":"2025-11-07T09:34:00","guid":{"rendered":"https:\/\/www.abchukuk.com\/index.php\/2025\/11\/07\/selim-ve-hasan-imamoglu-ifade-vermisti-dilek-imamoglundan-sert-tepki-ailelerin-bile-bu-hukuksuzluklarin-muhatabi-haline-getirilmesi-vicdanlara-sigmaz\/"},"modified":"2025-11-07T09:34:00","modified_gmt":"2025-11-07T09:34:00","slug":"selim-ve-hasan-imamoglu-ifade-vermisti-dilek-imamoglundan-sert-tepki-ailelerin-bile-bu-hukuksuzluklarin-muhatabi-haline-getirilmesi-vicdanlara-sigmaz","status":"publish","type":"post","link":"https:\/\/www.abchukuk.com\/index.php\/2025\/11\/07\/selim-ve-hasan-imamoglu-ifade-vermisti-dilek-imamoglundan-sert-tepki-ailelerin-bile-bu-hukuksuzluklarin-muhatabi-haline-getirilmesi-vicdanlara-sigmaz\/","title":{"rendered":"Selim ve Hasan \u0130mamo\u011flu ifade vermi\u015fti&#8230; Dilek \u0130mamo\u011flu&#8217;ndan sert tepki: &#8216;Ailelerin bile bu hukuksuzluklar\u0131n muhatab\u0131 haline getirilmesi vicdanlara s\u0131\u011fmaz!&#8217;"},"content":{"rendered":"<p>Aile Dayan\u0131\u015fma A\u011f\u0131&#8217;n\u0131n Sara\u00e7hane&#8217;deki 12. bulu\u015fmas\u0131nda konu\u015fan Dilek \u0130mamo\u011flu, &#8220;A\u00e7\u0131k\u00e7a aileler hedef al\u0131n\u0131yor. Bu hafta i\u00e7inde de\u011ferli kay\u0131npederim Hasan \u0130mamo\u011flu ile sevgili o\u011flum Selim ifadeye \u00e7a\u011fr\u0131ld\u0131lar. Daha ifadeleri al\u0131nmadan \u00f6nce, haklar\u0131nda yurt d\u0131\u015f\u0131na \u00e7\u0131k\u0131\u015f yasa\u011f\u0131 getirildi. Art\u0131k yaln\u0131zca siyaset\u00e7ileri de\u011fil, aileleri de hedef al\u0131yorlar. Oysaki aile kutsald\u0131r&#8221; diye konu\u015ftu.Aile Dayan\u0131\u015fma A\u011f\u0131&#8217;n\u0131n Sara\u00e7hane&#8217;deki 12. bulu\u015fmas\u0131nda konu\u015fan Dilek \u0130mamo\u011flu, &#8220;A\u00e7\u0131k\u00e7a aileler hedef al\u0131n\u0131yor. Bu hafta i\u00e7inde de\u011ferli kay\u0131npederim Hasan \u0130mamo\u011flu ile sevgili o\u011flum Selim ifadeye \u00e7a\u011fr\u0131ld\u0131lar. Daha ifadeleri al\u0131nmadan \u00f6nce, haklar\u0131nda yurt d\u0131\u015f\u0131na \u00e7\u0131k\u0131\u015f yasa\u011f\u0131 getirildi. Art\u0131k yaln\u0131zca siyaset\u00e7ileri de\u011fil, aileleri de hedef al\u0131yorlar. Oysaki aile kutsald\u0131r&#8221; diye konu\u015ftu.\u00a0<a href=\"https:\/\/www.cumhuriyet.com.tr\/siyaset\/selim-ve-hasan-imamoglu-ifade-vermisti-dilek-imamoglu-ndan-sert-tepki-ailelerin-bile-bu-hukuksuzluklarin-muhatabi-haline-getirilmesi-vicdanlara-sigmaz-2450642\" target=\"_blank\" class=\"feedzy-rss-link-icon\">Read More<\/a><\/p>","protected":false},"excerpt":{"rendered":"<p>Aile Dayan\u0131\u015fma A\u011f\u0131&#8217;n\u0131n Sara\u00e7hane&#8217;deki 12. bulu\u015fmas\u0131nda konu\u015fan Dilek \u0130mamo\u011flu, &#8220;A\u00e7\u0131k\u00e7a aileler hedef al\u0131n\u0131yor. Bu hafta i\u00e7inde de\u011ferli kay\u0131npederim Hasan \u0130mamo\u011flu ile sevgili o\u011flum Selim ifadeye \u00e7a\u011fr\u0131ld\u0131lar. Daha ifadeleri al\u0131nmadan \u00f6nce, haklar\u0131nda yurt d\u0131\u015f\u0131na \u00e7\u0131k\u0131\u015f yasa\u011f\u0131 getirildi. Art\u0131k yaln\u0131zca siyaset\u00e7ileri de\u011fil, aileleri de hedef al\u0131yorlar. Oysaki aile kutsald\u0131r&#8221; diye konu\u015ftu.Aile Dayan\u0131\u015fma A\u011f\u0131&#8217;n\u0131n Sara\u00e7hane&#8217;deki 12. bulu\u015fmas\u0131nda konu\u015fan [&hellip;]<\/p>\n","protected":false},"author":1,"featured_media":10456,"comment_status":"open","ping_status":"open","sticky":false,"template":"","format":"standard","meta":{"footnotes":"","_links_to":"","_links_to_target":""},"categories":[1],"tags":[],"class_list":["post-10455","post","type-post","status-publish","format-standard","has-post-thumbnail","hentry","category-haberler"],"_links":{"self":[{"href":"https:\/\/www.abchukuk.com\/index.php\/wp-json\/wp\/v2\/posts\/10455","targetHints":{"allow":["GET"]}}],"collection":[{"href":"https:\/\/www.abchukuk.com\/index.php\/wp-json\/wp\/v2\/posts"}],"about":[{"href":"https:\/\/www.abchukuk.com\/index.php\/wp-json\/wp\/v2\/types\/post"}],"author":[{"embeddable":true,"href":"https:\/\/www.abchukuk.com\/index.php\/wp-json\/wp\/v2\/users\/1"}],"replies":[{"embeddable":true,"href":"https:\/\/www.abchukuk.com\/index.php\/wp-json\/wp\/v2\/comments?post=10455"}],"version-history":[{"count":0,"href":"https:\/\/www.abchukuk.com\/index.php\/wp-json\/wp\/v2\/posts\/10455\/revisions"}],"wp:featuredmedia":[{"embeddable":true,"href":"https:\/\/www.abchukuk.com\/index.php\/wp-json\/wp\/v2\/media\/10456"}],"wp:attachment":[{"href":"https:\/\/www.abchukuk.com\/index.php\/wp-json\/wp\/v2\/media?parent=10455"}],"wp:term":[{"taxonomy":"category","embeddable":true,"href":"https:\/\/www.abchukuk.com\/index.php\/wp-json\/wp\/v2\/categories?post=10455"},{"taxonomy":"post_tag","embeddable":true,"href":"https:\/\/www.abchukuk.com\/index.php\/wp-json\/wp\/v2\/tags?post=10455"}],"curies":[{"name":"wp","href":"https:\/\/api.w.org\/{rel}","templated":true}]}}