{"id":10451,"date":"2025-11-07T10:07:00","date_gmt":"2025-11-07T10:07:00","guid":{"rendered":"https:\/\/www.abchukuk.com\/index.php\/2025\/11\/07\/gazeteci-rusen-cakir-gozaltinda-yasadiklarini-anlatti-ayni-yerde-mac-izlemek-delil-sayildi\/"},"modified":"2025-11-07T10:07:00","modified_gmt":"2025-11-07T10:07:00","slug":"gazeteci-rusen-cakir-gozaltinda-yasadiklarini-anlatti-ayni-yerde-mac-izlemek-delil-sayildi","status":"publish","type":"post","link":"https:\/\/www.abchukuk.com\/index.php\/2025\/11\/07\/gazeteci-rusen-cakir-gozaltinda-yasadiklarini-anlatti-ayni-yerde-mac-izlemek-delil-sayildi\/","title":{"rendered":"Gazeteci Ru\u015fen \u00c7ak\u0131r, g\u00f6zalt\u0131nda ya\u015fad\u0131klar\u0131n\u0131 anlatt\u0131: &#8216;Ayn\u0131 yerde ma\u00e7 izlemek delil say\u0131ld\u0131&#8230;&#8217;"},"content":{"rendered":"<p>\u0130BB soru\u015fturmas\u0131 kapsam\u0131nda ifadesi al\u0131nan gazeteci Ru\u015fen \u00c7ak\u0131r, g\u00f6zalt\u0131 s\u00fcrecinde ya\u015fad\u0131klar\u0131n\u0131 anlatt\u0131. HTS kay\u0131tlar\u0131 sorulan \u00c7ak\u0131r, Murat Ongun ile ma\u00e7larda denk geldiklerini ancak hi\u00e7 g\u00f6rmedi\u011fini ve kendisiyle tan\u0131\u015fmad\u0131\u011f\u0131n\u0131 s\u00f6yledi.\u0130BB soru\u015fturmas\u0131 kapsam\u0131nda ifadesi al\u0131nan gazeteci Ru\u015fen \u00c7ak\u0131r, g\u00f6zalt\u0131 s\u00fcrecinde ya\u015fad\u0131klar\u0131n\u0131 anlatt\u0131. HTS kay\u0131tlar\u0131 sorulan \u00c7ak\u0131r, Murat Ongun ile ma\u00e7larda denk geldiklerini ancak hi\u00e7 g\u00f6rmedi\u011fini ve kendisiyle tan\u0131\u015fmad\u0131\u011f\u0131n\u0131 s\u00f6yledi.\u00a0<a href=\"https:\/\/www.cumhuriyet.com.tr\/siyaset\/gazeteci-rusen-cakir-gozaltinda-yasadiklarini-anlatti-ayni-yerde-mac-izlemek-delil-sayildi-2450650\" target=\"_blank\" class=\"feedzy-rss-link-icon\">Read More<\/a><\/p>","protected":false},"excerpt":{"rendered":"<p>\u0130BB soru\u015fturmas\u0131 kapsam\u0131nda ifadesi al\u0131nan gazeteci Ru\u015fen \u00c7ak\u0131r, g\u00f6zalt\u0131 s\u00fcrecinde ya\u015fad\u0131klar\u0131n\u0131 anlatt\u0131. HTS kay\u0131tlar\u0131 sorulan \u00c7ak\u0131r, Murat Ongun ile ma\u00e7larda denk geldiklerini ancak hi\u00e7 g\u00f6rmedi\u011fini ve kendisiyle tan\u0131\u015fmad\u0131\u011f\u0131n\u0131 s\u00f6yledi.\u0130BB soru\u015fturmas\u0131 kapsam\u0131nda ifadesi al\u0131nan gazeteci Ru\u015fen \u00c7ak\u0131r, g\u00f6zalt\u0131 s\u00fcrecinde ya\u015fad\u0131klar\u0131n\u0131 anlatt\u0131. HTS kay\u0131tlar\u0131 sorulan \u00c7ak\u0131r, Murat Ongun ile ma\u00e7larda denk geldiklerini ancak hi\u00e7 g\u00f6rmedi\u011fini ve kendisiyle [&hellip;]<\/p>\n","protected":false},"author":1,"featured_media":10452,"comment_status":"open","ping_status":"open","sticky":false,"template":"","format":"standard","meta":{"footnotes":"","_links_to":"","_links_to_target":""},"categories":[1],"tags":[],"class_list":["post-10451","post","type-post","status-publish","format-standard","has-post-thumbnail","hentry","category-haberler"],"_links":{"self":[{"href":"https:\/\/www.abchukuk.com\/index.php\/wp-json\/wp\/v2\/posts\/10451","targetHints":{"allow":["GET"]}}],"collection":[{"href":"https:\/\/www.abchukuk.com\/index.php\/wp-json\/wp\/v2\/posts"}],"about":[{"href":"https:\/\/www.abchukuk.com\/index.php\/wp-json\/wp\/v2\/types\/post"}],"author":[{"embeddable":true,"href":"https:\/\/www.abchukuk.com\/index.php\/wp-json\/wp\/v2\/users\/1"}],"replies":[{"embeddable":true,"href":"https:\/\/www.abchukuk.com\/index.php\/wp-json\/wp\/v2\/comments?post=10451"}],"version-history":[{"count":0,"href":"https:\/\/www.abchukuk.com\/index.php\/wp-json\/wp\/v2\/posts\/10451\/revisions"}],"wp:featuredmedia":[{"embeddable":true,"href":"https:\/\/www.abchukuk.com\/index.php\/wp-json\/wp\/v2\/media\/10452"}],"wp:attachment":[{"href":"https:\/\/www.abchukuk.com\/index.php\/wp-json\/wp\/v2\/media?parent=10451"}],"wp:term":[{"taxonomy":"category","embeddable":true,"href":"https:\/\/www.abchukuk.com\/index.php\/wp-json\/wp\/v2\/categories?post=10451"},{"taxonomy":"post_tag","embeddable":true,"href":"https:\/\/www.abchukuk.com\/index.php\/wp-json\/wp\/v2\/tags?post=10451"}],"curies":[{"name":"wp","href":"https:\/\/api.w.org\/{rel}","templated":true}]}}