{"id":10449,"date":"2025-11-07T10:15:00","date_gmt":"2025-11-07T10:15:00","guid":{"rendered":"https:\/\/www.abchukuk.com\/index.php\/2025\/11\/07\/ozgur-ozelden-adalet-bakanina-akin-gurlek-cagrisi-erdogana-dava-yaniti-bize-gecmiste-soylediklerini-saysam-canli-yayin-kesilir\/"},"modified":"2025-11-07T10:15:00","modified_gmt":"2025-11-07T10:15:00","slug":"ozgur-ozelden-adalet-bakanina-akin-gurlek-cagrisi-erdogana-dava-yaniti-bize-gecmiste-soylediklerini-saysam-canli-yayin-kesilir","status":"publish","type":"post","link":"https:\/\/www.abchukuk.com\/index.php\/2025\/11\/07\/ozgur-ozelden-adalet-bakanina-akin-gurlek-cagrisi-erdogana-dava-yaniti-bize-gecmiste-soylediklerini-saysam-canli-yayin-kesilir\/","title":{"rendered":"\u00d6zg\u00fcr \u00d6zel&#8217;den Adalet Bakan\u0131&#8217;na &#8216;Ak\u0131n G\u00fcrlek&#8217; \u00e7a\u011fr\u0131s\u0131, Erdo\u011fan&#8217;a &#8216;dava&#8217; yan\u0131t\u0131: &#8216;Bize ge\u00e7mi\u015fte s\u00f6ylediklerini saysam canl\u0131 yay\u0131n kesilir!&#8217;"},"content":{"rendered":"<p>Cuma namaz\u0131 sonras\u0131 gazetecilerin sorular\u0131n\u0131 yan\u0131tlayan CHP lideri \u00d6zg\u00fcr \u00d6zel, Ak\u0131n G\u00fcrlek&#8217;in kendisine tazminat davas\u0131 a\u00e7mas\u0131na dair konu\u015ftu. \u00d6zel, &#8220;O s\u00f6zleri kime dedi\u011fim belli. Ben ortaya s\u00f6yledim. Say\u0131n Ak\u0131n G\u00fcrlek \u00fczerine al\u0131nm\u0131\u015f ve bana tazminat davas\u0131 a\u00e7m\u0131\u015f&#8221; dedi. Erdo\u011fan&#8217;a da yan\u0131t veren \u00d6zel, &#8220;Erdo\u011fan bize neler s\u00f6yledi, saysam ak\u015fam haberde kullanamazs\u0131n\u0131z. Canl\u0131 veren arkada\u015f varsa yay\u0131ndan \u00e7\u0131kmak zorunda kal\u0131r&#8230; O kadar edepsizlik ki benim a\u011fz\u0131ma da yak\u0131\u015fmaz&#8221; dedi.Cuma namaz\u0131 sonras\u0131 gazetecilerin sorular\u0131n\u0131 yan\u0131tlayan CHP lideri \u00d6zg\u00fcr \u00d6zel, Ak\u0131n G\u00fcrlek&#8217;in kendisine tazminat davas\u0131 a\u00e7mas\u0131na dair konu\u015ftu. \u00d6zel, &#8220;O s\u00f6zleri kime dedi\u011fim belli. Ben ortaya s\u00f6yledim. Say\u0131n Ak\u0131n G\u00fcrlek \u00fczerine al\u0131nm\u0131\u015f ve bana tazminat davas\u0131 a\u00e7m\u0131\u015f&#8221; dedi. Erdo\u011fan&#8217;a da yan\u0131t veren \u00d6zel, &#8220;Erdo\u011fan bize neler s\u00f6yledi, saysam ak\u015fam haberde kullanamazs\u0131n\u0131z. Canl\u0131 veren arkada\u015f varsa yay\u0131ndan \u00e7\u0131kmak zorunda kal\u0131r&#8230; O kadar edepsizlik ki benim a\u011fz\u0131ma da yak\u0131\u015fmaz&#8221; dedi.\u00a0<a href=\"https:\/\/www.cumhuriyet.com.tr\/siyaset\/ozgur-ozel-den-erdogan-a-dava-yaniti-bize-soylediklerini-saysam-canli-yayin-kesilir-2450652\" target=\"_blank\" class=\"feedzy-rss-link-icon\">Read More<\/a><\/p>","protected":false},"excerpt":{"rendered":"<p>Cuma namaz\u0131 sonras\u0131 gazetecilerin sorular\u0131n\u0131 yan\u0131tlayan CHP lideri \u00d6zg\u00fcr \u00d6zel, Ak\u0131n G\u00fcrlek&#8217;in kendisine tazminat davas\u0131 a\u00e7mas\u0131na dair konu\u015ftu. \u00d6zel, &#8220;O s\u00f6zleri kime dedi\u011fim belli. Ben ortaya s\u00f6yledim. Say\u0131n Ak\u0131n G\u00fcrlek \u00fczerine al\u0131nm\u0131\u015f ve bana tazminat davas\u0131 a\u00e7m\u0131\u015f&#8221; dedi. Erdo\u011fan&#8217;a da yan\u0131t veren \u00d6zel, &#8220;Erdo\u011fan bize neler s\u00f6yledi, saysam ak\u015fam haberde kullanamazs\u0131n\u0131z. Canl\u0131 veren arkada\u015f varsa [&hellip;]<\/p>\n","protected":false},"author":1,"featured_media":10450,"comment_status":"open","ping_status":"open","sticky":false,"template":"","format":"standard","meta":{"footnotes":"","_links_to":"","_links_to_target":""},"categories":[1],"tags":[],"class_list":["post-10449","post","type-post","status-publish","format-standard","has-post-thumbnail","hentry","category-haberler"],"_links":{"self":[{"href":"https:\/\/www.abchukuk.com\/index.php\/wp-json\/wp\/v2\/posts\/10449","targetHints":{"allow":["GET"]}}],"collection":[{"href":"https:\/\/www.abchukuk.com\/index.php\/wp-json\/wp\/v2\/posts"}],"about":[{"href":"https:\/\/www.abchukuk.com\/index.php\/wp-json\/wp\/v2\/types\/post"}],"author":[{"embeddable":true,"href":"https:\/\/www.abchukuk.com\/index.php\/wp-json\/wp\/v2\/users\/1"}],"replies":[{"embeddable":true,"href":"https:\/\/www.abchukuk.com\/index.php\/wp-json\/wp\/v2\/comments?post=10449"}],"version-history":[{"count":0,"href":"https:\/\/www.abchukuk.com\/index.php\/wp-json\/wp\/v2\/posts\/10449\/revisions"}],"wp:featuredmedia":[{"embeddable":true,"href":"https:\/\/www.abchukuk.com\/index.php\/wp-json\/wp\/v2\/media\/10450"}],"wp:attachment":[{"href":"https:\/\/www.abchukuk.com\/index.php\/wp-json\/wp\/v2\/media?parent=10449"}],"wp:term":[{"taxonomy":"category","embeddable":true,"href":"https:\/\/www.abchukuk.com\/index.php\/wp-json\/wp\/v2\/categories?post=10449"},{"taxonomy":"post_tag","embeddable":true,"href":"https:\/\/www.abchukuk.com\/index.php\/wp-json\/wp\/v2\/tags?post=10449"}],"curies":[{"name":"wp","href":"https:\/\/api.w.org\/{rel}","templated":true}]}}