{"id":10443,"date":"2025-11-07T09:23:07","date_gmt":"2025-11-07T09:23:07","guid":{"rendered":"https:\/\/www.abchukuk.com\/index.php\/2025\/11\/07\/samsun-cumhuriyet-bassavciligi-ile-samsun-universitesi-arasindada-denetimli-serbestlik-hizmetleri-is-birligi\/"},"modified":"2025-11-07T09:23:07","modified_gmt":"2025-11-07T09:23:07","slug":"samsun-cumhuriyet-bassavciligi-ile-samsun-universitesi-arasindada-denetimli-serbestlik-hizmetleri-is-birligi","status":"publish","type":"post","link":"https:\/\/www.abchukuk.com\/index.php\/2025\/11\/07\/samsun-cumhuriyet-bassavciligi-ile-samsun-universitesi-arasindada-denetimli-serbestlik-hizmetleri-is-birligi\/","title":{"rendered":"Samsun Cumhuriyet Ba\u015fsavc\u0131l\u0131\u011f\u0131 ile Samsun \u00dcniversitesi aras\u0131ndada denetimli serbestlik hizmetleri i\u015f birli\u011fi"},"content":{"rendered":"<p>Samsun Cumhuriyet Ba\u015fsavc\u0131s\u0131 Mehmet Sabri K\u0131l\u0131\u00e7 ile Samsun \u00dcniversitesi Rekt\u00f6r\u00fc Prof. Dr. Mahmut Ayd\u0131n aras\u0131nda imzalanan protokolle, denetimli serbestlik tedbiri uygulanan y\u00fck\u00fcml\u00fclerin ki\u015fisel geli\u015fimlerine katk\u0131 sa\u011flanmas\u0131 ve topluma kazand\u0131r\u0131lmalar\u0131 hedefleniyor.<\/p>\n<p>K\u0130\u015e\u0130SEL GEL\u0130\u015e\u0130ME VE TOPLUMA KAZANDIRMAYA DESTEK<\/p>\n<p>Protokol kapsam\u0131nda, y\u00fck\u00fcml\u00fclerin ve eski h\u00fck\u00fcml\u00fclerin su\u00e7 i\u015flemelerinin \u00f6n\u00fcne ge\u00e7ilmesi, ki\u015fisel geli\u015fimlerinin desteklenmesi ve topluma yeniden kazand\u0131r\u0131lmalar\u0131 i\u00e7in planl\u0131 ve iyile\u015ftirme odakl\u0131 \u00e7al\u0131\u015fmalar y\u00fcr\u00fct\u00fclecek. Ayr\u0131ca Denetimli Serbestlik M\u00fcd\u00fcrl\u00fc\u011f\u00fc personeline y\u00f6nelik tamamlay\u0131c\u0131 geli\u015ftirme programlar\u0131 haz\u0131rlanacak.<\/p>\n<p><img fetchpriority=\"high\" decoding=\"async\" class=\"alignnone size-large wp-image-164509\" src=\"https:\/\/www.son.tv\/wp-content\/uploads\/2025\/11\/WhatsApp-Image-2025-11-07-at-12.22.28-1-1024x576.jpeg\" alt=\"\" width=\"1024\" height=\"576\" \/><\/p>\n<p>MESLEK\u0130 YETERL\u0130L\u0130K SINAVLARINA \u00dcCRETS\u0130Z KATILIM<\/p>\n<p>\u0130mzalanan protokol, e\u011fitim, iyile\u015ftirme ve AR-GE faaliyetlerinin yan\u0131 s\u0131ra \u00e7ocuklara, ba\u011f\u0131ml\u0131l\u0131kla m\u00fccadeleye, personele ve koruma kurullar\u0131na y\u00f6nelik sosyal ve k\u00fclt\u00fcrel etkinlikleri de kaps\u0131yor. Y\u00fck\u00fcml\u00fcler, ald\u0131klar\u0131 i\u015f ve meslek e\u011fitimleri sonras\u0131 Mesleki Yeterlik Kurumu taraf\u0131ndan yap\u0131lan mesleki yeterlilik s\u0131navlar\u0131na \u00fccretsiz olarak kat\u0131labilecek.<\/p>\n<p>SANAT VE PS\u0130KOSOSYAL DESTEK PROGRAMLARI<\/p>\n<p>Y\u00fck\u00fcml\u00fclere hayvan destekli terapiyle psikososyal destek sa\u011flanacak; tiyatro, m\u00fczik ve resim gibi sanat dallar\u0131nda e\u011fitim verilecek. Ayr\u0131ca, denetimli serbestlik personeline y\u00f6nelik seminer ve s\u00f6yle\u015filer d\u00fczenlenecek, akademisyenler taraf\u0131ndan s\u00fcpervizyon deste\u011fi sunulacak.<\/p>\n<p>KAR\u0130YER G\u00dcNLER\u0130 VE E\u011e\u0130T\u0130M MATERYALLER\u0130<\/p>\n<p>\u201cKariyer G\u00fcnleri\u201d etkinlikleriyle y\u00fck\u00fcml\u00fclere yeni f\u0131rsatlar sunulurken, \u00fcniversite k\u00fct\u00fcphanesindeki sesli kitap ve e-kitaplar da personel ve y\u00fck\u00fcml\u00fclerin eri\u015fimine a\u00e7\u0131lacak. Bu i\u015f birli\u011fiyle, y\u00fck\u00fcml\u00fclerin hem mesleki hem de ki\u015fisel anlamda topluma kazand\u0131r\u0131lmas\u0131 hedefleniyor.<\/p>\n<p>Samsun Cumhuriyet Ba\u015fsavc\u0131l\u0131\u011f\u0131 ile Samsun \u00dcniversitesi aras\u0131nda, denetimli serbestlik hizmetleri alan\u0131nda i\u015f birli\u011fi protokol\u00fc imzaland\u0131.\u00a0<a href=\"https:\/\/www.son.tv\/samsun-cumhuriyet-bassavciligi-ile-samsun-universitesi-arasindada-denetimli-serbestlik-hizmetleri-is-birligi\/\" target=\"_blank\" class=\"feedzy-rss-link-icon\">Read More<\/a><\/p>","protected":false},"excerpt":{"rendered":"<p>Samsun Cumhuriyet Ba\u015fsavc\u0131s\u0131 Mehmet Sabri K\u0131l\u0131\u00e7 ile Samsun \u00dcniversitesi Rekt\u00f6r\u00fc Prof. Dr. Mahmut Ayd\u0131n aras\u0131nda imzalanan protokolle, denetimli serbestlik tedbiri uygulanan y\u00fck\u00fcml\u00fclerin ki\u015fisel geli\u015fimlerine katk\u0131 sa\u011flanmas\u0131 ve topluma kazand\u0131r\u0131lmalar\u0131 hedefleniyor. K\u0130\u015e\u0130SEL GEL\u0130\u015e\u0130ME VE TOPLUMA KAZANDIRMAYA DESTEK Protokol kapsam\u0131nda, y\u00fck\u00fcml\u00fclerin ve eski h\u00fck\u00fcml\u00fclerin su\u00e7 i\u015flemelerinin \u00f6n\u00fcne ge\u00e7ilmesi, ki\u015fisel geli\u015fimlerinin desteklenmesi ve topluma yeniden kazand\u0131r\u0131lmalar\u0131 i\u00e7in planl\u0131 [&hellip;]<\/p>\n","protected":false},"author":1,"featured_media":10444,"comment_status":"open","ping_status":"open","sticky":false,"template":"","format":"standard","meta":{"footnotes":"","_links_to":"","_links_to_target":""},"categories":[1],"tags":[],"class_list":["post-10443","post","type-post","status-publish","format-standard","has-post-thumbnail","hentry","category-haberler"],"_links":{"self":[{"href":"https:\/\/www.abchukuk.com\/index.php\/wp-json\/wp\/v2\/posts\/10443","targetHints":{"allow":["GET"]}}],"collection":[{"href":"https:\/\/www.abchukuk.com\/index.php\/wp-json\/wp\/v2\/posts"}],"about":[{"href":"https:\/\/www.abchukuk.com\/index.php\/wp-json\/wp\/v2\/types\/post"}],"author":[{"embeddable":true,"href":"https:\/\/www.abchukuk.com\/index.php\/wp-json\/wp\/v2\/users\/1"}],"replies":[{"embeddable":true,"href":"https:\/\/www.abchukuk.com\/index.php\/wp-json\/wp\/v2\/comments?post=10443"}],"version-history":[{"count":0,"href":"https:\/\/www.abchukuk.com\/index.php\/wp-json\/wp\/v2\/posts\/10443\/revisions"}],"wp:featuredmedia":[{"embeddable":true,"href":"https:\/\/www.abchukuk.com\/index.php\/wp-json\/wp\/v2\/media\/10444"}],"wp:attachment":[{"href":"https:\/\/www.abchukuk.com\/index.php\/wp-json\/wp\/v2\/media?parent=10443"}],"wp:term":[{"taxonomy":"category","embeddable":true,"href":"https:\/\/www.abchukuk.com\/index.php\/wp-json\/wp\/v2\/categories?post=10443"},{"taxonomy":"post_tag","embeddable":true,"href":"https:\/\/www.abchukuk.com\/index.php\/wp-json\/wp\/v2\/tags?post=10443"}],"curies":[{"name":"wp","href":"https:\/\/api.w.org\/{rel}","templated":true}]}}