{"id":10438,"date":"2025-11-07T07:03:35","date_gmt":"2025-11-07T07:03:35","guid":{"rendered":"https:\/\/www.abchukuk.com\/index.php\/2025\/11\/07\/yargitaydan-ev-sahibine-kotu-haber-ihtiyacim-var-gerekcesiyle-tahliye-artik-mumkun-degil\/"},"modified":"2025-11-07T07:03:35","modified_gmt":"2025-11-07T07:03:35","slug":"yargitaydan-ev-sahibine-kotu-haber-ihtiyacim-var-gerekcesiyle-tahliye-artik-mumkun-degil","status":"publish","type":"post","link":"https:\/\/www.abchukuk.com\/index.php\/2025\/11\/07\/yargitaydan-ev-sahibine-kotu-haber-ihtiyacim-var-gerekcesiyle-tahliye-artik-mumkun-degil\/","title":{"rendered":"Yarg\u0131tay\u2019dan ev sahibine k\u00f6t\u00fc haber: &#8216;\u0130htiyac\u0131m var&#8217; gerek\u00e7esiyle tahliye art\u0131k m\u00fcmk\u00fcn de\u011fil"},"content":{"rendered":"<p>Yarg\u0131tay, kira s\u00f6zle\u015fmesi s\u00fcresi dolmadan \u201ceve kendim oturaca\u011f\u0131m\u201d diyerek kirac\u0131s\u0131n\u0131 tahliye etmek isteyen ev sahibini haks\u0131z buldu. Karara g\u00f6re, belirli s\u00fcreli kira s\u00f6zle\u015fmesi bitmeden \u201cihtiya\u00e7\u201d gerek\u00e7esiyle a\u00e7\u0131lan tahliye davalar\u0131 reddedilecek.Yarg\u0131tay, kira s\u00f6zle\u015fmesi s\u00fcresi dolmadan \u201ceve kendim oturaca\u011f\u0131m\u201d diyerek kirac\u0131s\u0131n\u0131 tahliye etmek isteyen ev sahibini haks\u0131z buldu. Karara g\u00f6re, belirli s\u00fcreli kira s\u00f6zle\u015fmesi bitmeden \u201cihtiya\u00e7\u201d gerek\u00e7esiyle a\u00e7\u0131lan tahliye davalar\u0131 reddedilecek.\u00a0<a href=\"https:\/\/anlatilaninotesi.com.tr\/20251107\/yargitaydan-ev-sahibine-kotu-haber-ihtiyacim-var-gerekcesiyle-tahliye-artik-mumkun-degil-1100810603.html\" target=\"_blank\" class=\"feedzy-rss-link-icon\">Read More<\/a><\/p>","protected":false},"excerpt":{"rendered":"<p>Yarg\u0131tay, kira s\u00f6zle\u015fmesi s\u00fcresi dolmadan \u201ceve kendim oturaca\u011f\u0131m\u201d diyerek kirac\u0131s\u0131n\u0131 tahliye etmek isteyen ev sahibini haks\u0131z buldu. Karara g\u00f6re, belirli s\u00fcreli kira s\u00f6zle\u015fmesi bitmeden \u201cihtiya\u00e7\u201d gerek\u00e7esiyle a\u00e7\u0131lan tahliye davalar\u0131 reddedilecek.Yarg\u0131tay, kira s\u00f6zle\u015fmesi s\u00fcresi dolmadan \u201ceve kendim oturaca\u011f\u0131m\u201d diyerek kirac\u0131s\u0131n\u0131 tahliye etmek isteyen ev sahibini haks\u0131z buldu. Karara g\u00f6re, belirli s\u00fcreli kira s\u00f6zle\u015fmesi bitmeden \u201cihtiya\u00e7\u201d gerek\u00e7esiyle [&hellip;]<\/p>\n","protected":false},"author":1,"featured_media":0,"comment_status":"open","ping_status":"open","sticky":false,"template":"","format":"standard","meta":{"footnotes":"","_links_to":"","_links_to_target":""},"categories":[1],"tags":[],"class_list":["post-10438","post","type-post","status-publish","format-standard","hentry","category-haberler"],"_links":{"self":[{"href":"https:\/\/www.abchukuk.com\/index.php\/wp-json\/wp\/v2\/posts\/10438","targetHints":{"allow":["GET"]}}],"collection":[{"href":"https:\/\/www.abchukuk.com\/index.php\/wp-json\/wp\/v2\/posts"}],"about":[{"href":"https:\/\/www.abchukuk.com\/index.php\/wp-json\/wp\/v2\/types\/post"}],"author":[{"embeddable":true,"href":"https:\/\/www.abchukuk.com\/index.php\/wp-json\/wp\/v2\/users\/1"}],"replies":[{"embeddable":true,"href":"https:\/\/www.abchukuk.com\/index.php\/wp-json\/wp\/v2\/comments?post=10438"}],"version-history":[{"count":0,"href":"https:\/\/www.abchukuk.com\/index.php\/wp-json\/wp\/v2\/posts\/10438\/revisions"}],"wp:attachment":[{"href":"https:\/\/www.abchukuk.com\/index.php\/wp-json\/wp\/v2\/media?parent=10438"}],"wp:term":[{"taxonomy":"category","embeddable":true,"href":"https:\/\/www.abchukuk.com\/index.php\/wp-json\/wp\/v2\/categories?post=10438"},{"taxonomy":"post_tag","embeddable":true,"href":"https:\/\/www.abchukuk.com\/index.php\/wp-json\/wp\/v2\/tags?post=10438"}],"curies":[{"name":"wp","href":"https:\/\/api.w.org\/{rel}","templated":true}]}}