{"id":10431,"date":"2025-11-07T07:23:00","date_gmt":"2025-11-07T07:23:00","guid":{"rendered":"https:\/\/www.abchukuk.com\/index.php\/2025\/11\/07\/is-dunyasi-temsilcileri-turkiyenin-yeni-bir-rota-cizmesi-gerektigini-soyledi-rekabet-hukuksuz-olmaz\/"},"modified":"2025-11-07T07:23:00","modified_gmt":"2025-11-07T07:23:00","slug":"is-dunyasi-temsilcileri-turkiyenin-yeni-bir-rota-cizmesi-gerektigini-soyledi-rekabet-hukuksuz-olmaz","status":"publish","type":"post","link":"https:\/\/www.abchukuk.com\/index.php\/2025\/11\/07\/is-dunyasi-temsilcileri-turkiyenin-yeni-bir-rota-cizmesi-gerektigini-soyledi-rekabet-hukuksuz-olmaz\/","title":{"rendered":"\u0130\u015f d\u00fcnyas\u0131 temsilcileri, T\u00fcrkiye\u2019nin yeni bir rota \u00e7izmesi gerekti\u011fini s\u00f6yledi: Rekabet hukuksuz olmaz"},"content":{"rendered":"<p>17. Rekabet Kongresi\u2019nde konu\u015fan i\u015f d\u00fcnyas\u0131 temsilcileri, T\u00fcrkiye\u2019nin k\u00fcresel rekabette geri kald\u0131\u011f\u0131n\u0131, ekonomik vizyonun ancak hukuk devleti ile g\u00fc\u00e7lenebilece\u011fini vurgulad\u0131.17. Rekabet Kongresi\u2019nde konu\u015fan i\u015f d\u00fcnyas\u0131 temsilcileri, T\u00fcrkiye\u2019nin k\u00fcresel rekabette geri kald\u0131\u011f\u0131n\u0131, ekonomik vizyonun ancak hukuk devleti ile g\u00fc\u00e7lenebilece\u011fini vurgulad\u0131.\u00a0<a href=\"https:\/\/www.cumhuriyet.com.tr\/ekonomi\/is-dunyasi-temsilcileri-turkiye-nin-yeni-bir-rota-cizmesi-gerektigini-soyledi-rekabet-hukuksuz-olmaz-2450594\" target=\"_blank\" class=\"feedzy-rss-link-icon\">Read More<\/a><\/p>","protected":false},"excerpt":{"rendered":"<p>17. Rekabet Kongresi\u2019nde konu\u015fan i\u015f d\u00fcnyas\u0131 temsilcileri, T\u00fcrkiye\u2019nin k\u00fcresel rekabette geri kald\u0131\u011f\u0131n\u0131, ekonomik vizyonun ancak hukuk devleti ile g\u00fc\u00e7lenebilece\u011fini vurgulad\u0131.17. Rekabet Kongresi\u2019nde konu\u015fan i\u015f d\u00fcnyas\u0131 temsilcileri, T\u00fcrkiye\u2019nin k\u00fcresel rekabette geri kald\u0131\u011f\u0131n\u0131, ekonomik vizyonun ancak hukuk devleti ile g\u00fc\u00e7lenebilece\u011fini vurgulad\u0131.\u00a0Read More<\/p>\n","protected":false},"author":1,"featured_media":10432,"comment_status":"open","ping_status":"open","sticky":false,"template":"","format":"standard","meta":{"footnotes":"","_links_to":"","_links_to_target":""},"categories":[1],"tags":[],"class_list":["post-10431","post","type-post","status-publish","format-standard","has-post-thumbnail","hentry","category-haberler"],"_links":{"self":[{"href":"https:\/\/www.abchukuk.com\/index.php\/wp-json\/wp\/v2\/posts\/10431","targetHints":{"allow":["GET"]}}],"collection":[{"href":"https:\/\/www.abchukuk.com\/index.php\/wp-json\/wp\/v2\/posts"}],"about":[{"href":"https:\/\/www.abchukuk.com\/index.php\/wp-json\/wp\/v2\/types\/post"}],"author":[{"embeddable":true,"href":"https:\/\/www.abchukuk.com\/index.php\/wp-json\/wp\/v2\/users\/1"}],"replies":[{"embeddable":true,"href":"https:\/\/www.abchukuk.com\/index.php\/wp-json\/wp\/v2\/comments?post=10431"}],"version-history":[{"count":0,"href":"https:\/\/www.abchukuk.com\/index.php\/wp-json\/wp\/v2\/posts\/10431\/revisions"}],"wp:featuredmedia":[{"embeddable":true,"href":"https:\/\/www.abchukuk.com\/index.php\/wp-json\/wp\/v2\/media\/10432"}],"wp:attachment":[{"href":"https:\/\/www.abchukuk.com\/index.php\/wp-json\/wp\/v2\/media?parent=10431"}],"wp:term":[{"taxonomy":"category","embeddable":true,"href":"https:\/\/www.abchukuk.com\/index.php\/wp-json\/wp\/v2\/categories?post=10431"},{"taxonomy":"post_tag","embeddable":true,"href":"https:\/\/www.abchukuk.com\/index.php\/wp-json\/wp\/v2\/tags?post=10431"}],"curies":[{"name":"wp","href":"https:\/\/api.w.org\/{rel}","templated":true}]}}