{"id":10408,"date":"2025-11-07T01:00:00","date_gmt":"2025-11-07T01:00:00","guid":{"rendered":"https:\/\/www.abchukuk.com\/index.php\/2025\/11\/07\/yargilama-giderlerinde-buyuk-artis-oldu-emekli-ve-emekci-hakkini-arayamiyor\/"},"modified":"2025-11-07T01:00:00","modified_gmt":"2025-11-07T01:00:00","slug":"yargilama-giderlerinde-buyuk-artis-oldu-emekli-ve-emekci-hakkini-arayamiyor","status":"publish","type":"post","link":"https:\/\/www.abchukuk.com\/index.php\/2025\/11\/07\/yargilama-giderlerinde-buyuk-artis-oldu-emekli-ve-emekci-hakkini-arayamiyor\/","title":{"rendered":"Yarg\u0131lama giderlerinde b\u00fcy\u00fck art\u0131\u015f oldu: Emekli ve emek\u00e7i hakk\u0131n\u0131 arayam\u0131yor"},"content":{"rendered":"<p>Yarg\u0131lama giderlerindeki b\u00fcy\u00fck art\u0131\u015flar\u0131n emekli ve emek\u00e7inin hak aramas\u0131n\u0131 neredeyse olanaks\u0131z hale getirdi\u011fine dikkat \u00e7ekildi. B\u00fcro-\u0130\u015f Sendikas\u0131 Genel Ba\u015fkan\u0131 Alay Hamza\u00e7ebi, kamudaki baz\u0131 amirlerin de bu durumu f\u0131rsat bilerek emek\u00e7ilere mobbing yapt\u0131klar\u0131n\u0131 s\u00f6yledi.Yarg\u0131lama giderlerindeki b\u00fcy\u00fck art\u0131\u015flar\u0131n emekli ve emek\u00e7inin hak aramas\u0131n\u0131 neredeyse olanaks\u0131z hale getirdi\u011fine dikkat \u00e7ekildi. B\u00fcro-\u0130\u015f Sendikas\u0131 Genel Ba\u015fkan\u0131 Alay Hamza\u00e7ebi, kamudaki baz\u0131 amirlerin de bu durumu f\u0131rsat bilerek emek\u00e7ilere mobbing yapt\u0131klar\u0131n\u0131 s\u00f6yledi.\u00a0<a href=\"https:\/\/www.cumhuriyet.com.tr\/turkiye\/yargilama-giderlerinde-buyuk-artis-oldu-emekli-ve-emekci-hakkini-arayamiyor-2450511\" target=\"_blank\" class=\"feedzy-rss-link-icon\">Read More<\/a><\/p>","protected":false},"excerpt":{"rendered":"<p>Yarg\u0131lama giderlerindeki b\u00fcy\u00fck art\u0131\u015flar\u0131n emekli ve emek\u00e7inin hak aramas\u0131n\u0131 neredeyse olanaks\u0131z hale getirdi\u011fine dikkat \u00e7ekildi. B\u00fcro-\u0130\u015f Sendikas\u0131 Genel Ba\u015fkan\u0131 Alay Hamza\u00e7ebi, kamudaki baz\u0131 amirlerin de bu durumu f\u0131rsat bilerek emek\u00e7ilere mobbing yapt\u0131klar\u0131n\u0131 s\u00f6yledi.Yarg\u0131lama giderlerindeki b\u00fcy\u00fck art\u0131\u015flar\u0131n emekli ve emek\u00e7inin hak aramas\u0131n\u0131 neredeyse olanaks\u0131z hale getirdi\u011fine dikkat \u00e7ekildi. B\u00fcro-\u0130\u015f Sendikas\u0131 Genel Ba\u015fkan\u0131 Alay Hamza\u00e7ebi, kamudaki baz\u0131 [&hellip;]<\/p>\n","protected":false},"author":1,"featured_media":10409,"comment_status":"open","ping_status":"open","sticky":false,"template":"","format":"standard","meta":{"footnotes":"","_links_to":"","_links_to_target":""},"categories":[1],"tags":[],"class_list":["post-10408","post","type-post","status-publish","format-standard","has-post-thumbnail","hentry","category-haberler"],"_links":{"self":[{"href":"https:\/\/www.abchukuk.com\/index.php\/wp-json\/wp\/v2\/posts\/10408","targetHints":{"allow":["GET"]}}],"collection":[{"href":"https:\/\/www.abchukuk.com\/index.php\/wp-json\/wp\/v2\/posts"}],"about":[{"href":"https:\/\/www.abchukuk.com\/index.php\/wp-json\/wp\/v2\/types\/post"}],"author":[{"embeddable":true,"href":"https:\/\/www.abchukuk.com\/index.php\/wp-json\/wp\/v2\/users\/1"}],"replies":[{"embeddable":true,"href":"https:\/\/www.abchukuk.com\/index.php\/wp-json\/wp\/v2\/comments?post=10408"}],"version-history":[{"count":0,"href":"https:\/\/www.abchukuk.com\/index.php\/wp-json\/wp\/v2\/posts\/10408\/revisions"}],"wp:featuredmedia":[{"embeddable":true,"href":"https:\/\/www.abchukuk.com\/index.php\/wp-json\/wp\/v2\/media\/10409"}],"wp:attachment":[{"href":"https:\/\/www.abchukuk.com\/index.php\/wp-json\/wp\/v2\/media?parent=10408"}],"wp:term":[{"taxonomy":"category","embeddable":true,"href":"https:\/\/www.abchukuk.com\/index.php\/wp-json\/wp\/v2\/categories?post=10408"},{"taxonomy":"post_tag","embeddable":true,"href":"https:\/\/www.abchukuk.com\/index.php\/wp-json\/wp\/v2\/tags?post=10408"}],"curies":[{"name":"wp","href":"https:\/\/api.w.org\/{rel}","templated":true}]}}