{"id":10398,"date":"2025-11-06T20:27:35","date_gmt":"2025-11-06T20:27:35","guid":{"rendered":"https:\/\/www.abchukuk.com\/index.php\/2025\/11\/06\/savci-gurlekten-ozele-tazminat-davasi\/"},"modified":"2025-11-06T20:27:35","modified_gmt":"2025-11-06T20:27:35","slug":"savci-gurlekten-ozele-tazminat-davasi","status":"publish","type":"post","link":"https:\/\/www.abchukuk.com\/index.php\/2025\/11\/06\/savci-gurlekten-ozele-tazminat-davasi\/","title":{"rendered":"Savc\u0131 G\u00fcrlek&#8217;ten \u00d6zel&#8217;e tazminat davas\u0131"},"content":{"rendered":"<p>\u0130stanbul Cumhuriyet Ba\u015fsavc\u0131s\u0131 Ak\u0131n G\u00fcrlek, \u00dcmraniye mitingindeki s\u00f6zleri nedeniyle CHP lideri \u00d6zg\u00fcr \u00d6zel\u2019e 500 bin TL\u2019lik manevi tazminat davas\u0131 a\u00e7t\u0131. Dilek\u00e7ede \u00d6zel\u2019in iftira ve hakaretle ki\u015filik haklar\u0131na sald\u0131rd\u0131\u011f\u0131 ifade edildi\u0130stanbul Cumhuriyet Ba\u015fsavc\u0131s\u0131 Ak\u0131n G\u00fcrlek, \u00dcmraniye mitingindeki s\u00f6zleri nedeniyle CHP lideri \u00d6zg\u00fcr \u00d6zel\u2019e 500 bin TL\u2019lik manevi tazminat davas\u0131 a\u00e7t\u0131. Dilek\u00e7ede \u00d6zel\u2019in iftira ve hakaretle ki\u015filik haklar\u0131na sald\u0131rd\u0131\u011f\u0131 ifade edildi\u00a0<a href=\"https:\/\/www.haberturk.com\/istanbul-cumhuriyet-bassavcisi-gurlek-ten-chp-genel-baskani-ozel-e-tazminat-davasi-3835982\" target=\"_blank\" class=\"feedzy-rss-link-icon\">Read More<\/a><\/p>","protected":false},"excerpt":{"rendered":"<p>\u0130stanbul Cumhuriyet Ba\u015fsavc\u0131s\u0131 Ak\u0131n G\u00fcrlek, \u00dcmraniye mitingindeki s\u00f6zleri nedeniyle CHP lideri \u00d6zg\u00fcr \u00d6zel\u2019e 500 bin TL\u2019lik manevi tazminat davas\u0131 a\u00e7t\u0131. Dilek\u00e7ede \u00d6zel\u2019in iftira ve hakaretle ki\u015filik haklar\u0131na sald\u0131rd\u0131\u011f\u0131 ifade edildi\u0130stanbul Cumhuriyet Ba\u015fsavc\u0131s\u0131 Ak\u0131n G\u00fcrlek, \u00dcmraniye mitingindeki s\u00f6zleri nedeniyle CHP lideri \u00d6zg\u00fcr \u00d6zel\u2019e 500 bin TL\u2019lik manevi tazminat davas\u0131 a\u00e7t\u0131. Dilek\u00e7ede \u00d6zel\u2019in iftira ve hakaretle ki\u015filik [&hellip;]<\/p>\n","protected":false},"author":1,"featured_media":0,"comment_status":"open","ping_status":"open","sticky":false,"template":"","format":"standard","meta":{"footnotes":"","_links_to":"","_links_to_target":""},"categories":[1],"tags":[],"class_list":["post-10398","post","type-post","status-publish","format-standard","hentry","category-haberler"],"_links":{"self":[{"href":"https:\/\/www.abchukuk.com\/index.php\/wp-json\/wp\/v2\/posts\/10398","targetHints":{"allow":["GET"]}}],"collection":[{"href":"https:\/\/www.abchukuk.com\/index.php\/wp-json\/wp\/v2\/posts"}],"about":[{"href":"https:\/\/www.abchukuk.com\/index.php\/wp-json\/wp\/v2\/types\/post"}],"author":[{"embeddable":true,"href":"https:\/\/www.abchukuk.com\/index.php\/wp-json\/wp\/v2\/users\/1"}],"replies":[{"embeddable":true,"href":"https:\/\/www.abchukuk.com\/index.php\/wp-json\/wp\/v2\/comments?post=10398"}],"version-history":[{"count":0,"href":"https:\/\/www.abchukuk.com\/index.php\/wp-json\/wp\/v2\/posts\/10398\/revisions"}],"wp:attachment":[{"href":"https:\/\/www.abchukuk.com\/index.php\/wp-json\/wp\/v2\/media?parent=10398"}],"wp:term":[{"taxonomy":"category","embeddable":true,"href":"https:\/\/www.abchukuk.com\/index.php\/wp-json\/wp\/v2\/categories?post=10398"},{"taxonomy":"post_tag","embeddable":true,"href":"https:\/\/www.abchukuk.com\/index.php\/wp-json\/wp\/v2\/tags?post=10398"}],"curies":[{"name":"wp","href":"https:\/\/api.w.org\/{rel}","templated":true}]}}