{"id":10390,"date":"2025-11-06T21:30:00","date_gmt":"2025-11-06T21:30:00","guid":{"rendered":"https:\/\/www.abchukuk.com\/index.php\/2025\/11\/06\/14-kisinin-oldugu-mcg-tower-davasi-depremde-anne-babasini-kaybeden-mustekiye-durusma-yasagi\/"},"modified":"2025-11-06T21:30:00","modified_gmt":"2025-11-06T21:30:00","slug":"14-kisinin-oldugu-mcg-tower-davasi-depremde-anne-babasini-kaybeden-mustekiye-durusma-yasagi","status":"publish","type":"post","link":"https:\/\/www.abchukuk.com\/index.php\/2025\/11\/06\/14-kisinin-oldugu-mcg-tower-davasi-depremde-anne-babasini-kaybeden-mustekiye-durusma-yasagi\/","title":{"rendered":"14 ki\u015finin \u00f6ld\u00fc\u011f\u00fc MCG Tower davas\u0131: Depremde anne babas\u0131n\u0131 kaybeden m\u00fc\u015ftekiye duru\u015fma yasa\u011f\u0131"},"content":{"rendered":"<p>Hatay\u2019da 6 \u015eubat depremlerinde y\u0131k\u0131l\u0131p 14 ki\u015finin \u00f6ld\u00fc\u011f\u00fc MCG Tower davas\u0131nda ilk kez hakim kar\u015f\u0131s\u0131na \u00e7\u0131kan in\u015faat m\u00fchendisi Tayfun Kaba, depremde \u00f6lenlere rahmet dilemek isteyince, yak\u0131nlar\u0131n\u0131 kaybeden S\u00fcheyl S\u00fcmb\u00fcltepe\u2019nin tepkisi \u00fczerine salondan \u00e7\u0131kar\u0131ld\u0131. S\u00fcmb\u00fcltepe\u2019nin duru\u015fmalara kat\u0131lmamas\u0131na karar verildi. Dava 25 \u015eubat 2026\u2019ya ertelendi.Hatay\u2019da 6 \u015eubat depremlerinde y\u0131k\u0131l\u0131p 14 ki\u015finin \u00f6ld\u00fc\u011f\u00fc MCG Tower davas\u0131nda ilk kez hakim kar\u015f\u0131s\u0131na \u00e7\u0131kan in\u015faat m\u00fchendisi Tayfun Kaba, depremde \u00f6lenlere rahmet dilemek isteyince, yak\u0131nlar\u0131n\u0131 kaybeden S\u00fcheyl S\u00fcmb\u00fcltepe\u2019nin tepkisi \u00fczerine salondan \u00e7\u0131kar\u0131ld\u0131. S\u00fcmb\u00fcltepe\u2019nin duru\u015fmalara kat\u0131lmamas\u0131na karar verildi. Dava 25 \u015eubat 2026\u2019ya ertelendi.\u00a0<a href=\"https:\/\/www.cumhuriyet.com.tr\/turkiye\/14-kisinin-oldugu-mcg-tower-davasi-depremde-anne-babasini-kaybeden-mustekiye-durusma-yasagi-2450548\" target=\"_blank\" class=\"feedzy-rss-link-icon\">Read More<\/a><\/p>","protected":false},"excerpt":{"rendered":"<p>Hatay\u2019da 6 \u015eubat depremlerinde y\u0131k\u0131l\u0131p 14 ki\u015finin \u00f6ld\u00fc\u011f\u00fc MCG Tower davas\u0131nda ilk kez hakim kar\u015f\u0131s\u0131na \u00e7\u0131kan in\u015faat m\u00fchendisi Tayfun Kaba, depremde \u00f6lenlere rahmet dilemek isteyince, yak\u0131nlar\u0131n\u0131 kaybeden S\u00fcheyl S\u00fcmb\u00fcltepe\u2019nin tepkisi \u00fczerine salondan \u00e7\u0131kar\u0131ld\u0131. S\u00fcmb\u00fcltepe\u2019nin duru\u015fmalara kat\u0131lmamas\u0131na karar verildi. Dava 25 \u015eubat 2026\u2019ya ertelendi.Hatay\u2019da 6 \u015eubat depremlerinde y\u0131k\u0131l\u0131p 14 ki\u015finin \u00f6ld\u00fc\u011f\u00fc MCG Tower davas\u0131nda ilk kez [&hellip;]<\/p>\n","protected":false},"author":1,"featured_media":10391,"comment_status":"open","ping_status":"open","sticky":false,"template":"","format":"standard","meta":{"footnotes":"","_links_to":"","_links_to_target":""},"categories":[1],"tags":[],"class_list":["post-10390","post","type-post","status-publish","format-standard","has-post-thumbnail","hentry","category-haberler"],"_links":{"self":[{"href":"https:\/\/www.abchukuk.com\/index.php\/wp-json\/wp\/v2\/posts\/10390","targetHints":{"allow":["GET"]}}],"collection":[{"href":"https:\/\/www.abchukuk.com\/index.php\/wp-json\/wp\/v2\/posts"}],"about":[{"href":"https:\/\/www.abchukuk.com\/index.php\/wp-json\/wp\/v2\/types\/post"}],"author":[{"embeddable":true,"href":"https:\/\/www.abchukuk.com\/index.php\/wp-json\/wp\/v2\/users\/1"}],"replies":[{"embeddable":true,"href":"https:\/\/www.abchukuk.com\/index.php\/wp-json\/wp\/v2\/comments?post=10390"}],"version-history":[{"count":0,"href":"https:\/\/www.abchukuk.com\/index.php\/wp-json\/wp\/v2\/posts\/10390\/revisions"}],"wp:featuredmedia":[{"embeddable":true,"href":"https:\/\/www.abchukuk.com\/index.php\/wp-json\/wp\/v2\/media\/10391"}],"wp:attachment":[{"href":"https:\/\/www.abchukuk.com\/index.php\/wp-json\/wp\/v2\/media?parent=10390"}],"wp:term":[{"taxonomy":"category","embeddable":true,"href":"https:\/\/www.abchukuk.com\/index.php\/wp-json\/wp\/v2\/categories?post=10390"},{"taxonomy":"post_tag","embeddable":true,"href":"https:\/\/www.abchukuk.com\/index.php\/wp-json\/wp\/v2\/tags?post=10390"}],"curies":[{"name":"wp","href":"https:\/\/api.w.org\/{rel}","templated":true}]}}