{"id":10386,"date":"2025-11-06T14:35:14","date_gmt":"2025-11-06T14:35:14","guid":{"rendered":"https:\/\/www.abchukuk.com\/index.php\/2025\/11\/06\/adalet-bakani-tunctan-noterlerin-tatil-gunlerinde-calismasina-iliskin-yonetmelikle-ilgili-aciklama\/"},"modified":"2025-11-06T14:35:14","modified_gmt":"2025-11-06T14:35:14","slug":"adalet-bakani-tunctan-noterlerin-tatil-gunlerinde-calismasina-iliskin-yonetmelikle-ilgili-aciklama","status":"publish","type":"post","link":"https:\/\/www.abchukuk.com\/index.php\/2025\/11\/06\/adalet-bakani-tunctan-noterlerin-tatil-gunlerinde-calismasina-iliskin-yonetmelikle-ilgili-aciklama\/","title":{"rendered":"Adalet Bakan\u0131 Tun\u00e7&#8217;tan noterlerin tatil g\u00fcnlerinde \u00e7al\u0131\u015fmas\u0131na ili\u015fkin y\u00f6netmelikle ilgili a\u00e7\u0131klama"},"content":{"rendered":"<p>Adalet Bakan\u0131 Y\u0131lmaz Tun\u00e7, Resmi Gazete&#8217;de yay\u0131mlanan Noterlerin Tatil G\u00fcn ve Saatlerinde \u00c7al\u0131\u015fmas\u0131na \u0130li\u015fkin Usul ve Esaslar Hakk\u0131nda Y\u00f6netmelik ile hafta sonu n\u00f6bet sisteminin ayr\u0131nt\u0131l\u0131 bi\u00e7imde d\u00fczenlenmesini, n\u00f6bet g\u00fcnleri, \u00e7al\u0131\u015fma saatleri ve noter say\u0131lar\u0131n\u0131n netle\u015ftirilmesini sa\u011flad\u0131klar\u0131n\u0131 bildirdi.Adalet Bakan\u0131 Y\u0131lmaz Tun\u00e7, Resmi Gazete&#8217;de yay\u0131mlanan Noterlerin Tatil G\u00fcn ve Saatlerinde \u00c7al\u0131\u015fmas\u0131na \u0130li\u015fkin Usul ve Esaslar Hakk\u0131nda Y\u00f6netmelik ile hafta sonu n\u00f6bet sisteminin ayr\u0131nt\u0131l\u0131 bi\u00e7imde d\u00fczenlenmesini, n\u00f6bet g\u00fcnleri, \u00e7al\u0131\u015fma saatleri ve noter say\u0131lar\u0131n\u0131n netle\u015ftirilmesini sa\u011flad\u0131klar\u0131n\u0131 bildirdi.\u00a0<a href=\"https:\/\/www.haberturk.com\/adalet-bakani-tunc-tan-noterlerin-tatil-gunlerinde-calismasina-iliskin-yonetmelikle-ilgili-aciklama-3835918\" target=\"_blank\" class=\"feedzy-rss-link-icon\">Read More<\/a><\/p>","protected":false},"excerpt":{"rendered":"<p>Adalet Bakan\u0131 Y\u0131lmaz Tun\u00e7, Resmi Gazete&#8217;de yay\u0131mlanan Noterlerin Tatil G\u00fcn ve Saatlerinde \u00c7al\u0131\u015fmas\u0131na \u0130li\u015fkin Usul ve Esaslar Hakk\u0131nda Y\u00f6netmelik ile hafta sonu n\u00f6bet sisteminin ayr\u0131nt\u0131l\u0131 bi\u00e7imde d\u00fczenlenmesini, n\u00f6bet g\u00fcnleri, \u00e7al\u0131\u015fma saatleri ve noter say\u0131lar\u0131n\u0131n netle\u015ftirilmesini sa\u011flad\u0131klar\u0131n\u0131 bildirdi.Adalet Bakan\u0131 Y\u0131lmaz Tun\u00e7, Resmi Gazete&#8217;de yay\u0131mlanan Noterlerin Tatil G\u00fcn ve Saatlerinde \u00c7al\u0131\u015fmas\u0131na \u0130li\u015fkin Usul ve Esaslar Hakk\u0131nda Y\u00f6netmelik [&hellip;]<\/p>\n","protected":false},"author":1,"featured_media":0,"comment_status":"open","ping_status":"open","sticky":false,"template":"","format":"standard","meta":{"footnotes":"","_links_to":"","_links_to_target":""},"categories":[1],"tags":[],"class_list":["post-10386","post","type-post","status-publish","format-standard","hentry","category-haberler"],"_links":{"self":[{"href":"https:\/\/www.abchukuk.com\/index.php\/wp-json\/wp\/v2\/posts\/10386","targetHints":{"allow":["GET"]}}],"collection":[{"href":"https:\/\/www.abchukuk.com\/index.php\/wp-json\/wp\/v2\/posts"}],"about":[{"href":"https:\/\/www.abchukuk.com\/index.php\/wp-json\/wp\/v2\/types\/post"}],"author":[{"embeddable":true,"href":"https:\/\/www.abchukuk.com\/index.php\/wp-json\/wp\/v2\/users\/1"}],"replies":[{"embeddable":true,"href":"https:\/\/www.abchukuk.com\/index.php\/wp-json\/wp\/v2\/comments?post=10386"}],"version-history":[{"count":0,"href":"https:\/\/www.abchukuk.com\/index.php\/wp-json\/wp\/v2\/posts\/10386\/revisions"}],"wp:attachment":[{"href":"https:\/\/www.abchukuk.com\/index.php\/wp-json\/wp\/v2\/media?parent=10386"}],"wp:term":[{"taxonomy":"category","embeddable":true,"href":"https:\/\/www.abchukuk.com\/index.php\/wp-json\/wp\/v2\/categories?post=10386"},{"taxonomy":"post_tag","embeddable":true,"href":"https:\/\/www.abchukuk.com\/index.php\/wp-json\/wp\/v2\/tags?post=10386"}],"curies":[{"name":"wp","href":"https:\/\/api.w.org\/{rel}","templated":true}]}}