{"id":10382,"date":"2025-11-06T19:57:00","date_gmt":"2025-11-06T19:57:00","guid":{"rendered":"https:\/\/www.abchukuk.com\/index.php\/2025\/11\/06\/bassavci-akin-gurlek-ve-esinin-fotografini-paylasan-kisi-gozaltina-alindi\/"},"modified":"2025-11-06T19:57:00","modified_gmt":"2025-11-06T19:57:00","slug":"bassavci-akin-gurlek-ve-esinin-fotografini-paylasan-kisi-gozaltina-alindi","status":"publish","type":"post","link":"https:\/\/www.abchukuk.com\/index.php\/2025\/11\/06\/bassavci-akin-gurlek-ve-esinin-fotografini-paylasan-kisi-gozaltina-alindi\/","title":{"rendered":"Ba\u015fsavc\u0131 Ak\u0131n G\u00fcrlek ve e\u015finin foto\u011fraf\u0131n\u0131 payla\u015fan ki\u015fi g\u00f6zalt\u0131na al\u0131nd\u0131"},"content":{"rendered":"<p>\u0130stanbul Cumhuriyet Ba\u015fsavc\u0131s\u0131 Ak\u0131n G\u00fcrlek ve e\u015fi Elif G\u00fcl\u015fah G\u00fcrlek&#8217;in foto\u011fraf\u0131n\u0131 sosyal medya hesab\u0131ndan payla\u015fan ki\u015fi g\u00f6zalt\u0131na al\u0131nd\u0131. G\u00f6zalt\u0131na al\u0131nan ki\u015finin T\u00fcrkiye&#8217;de kitlesel bir cemaatin m\u00fcd\u00fcr\u00fc oldu\u011fu \u00f6\u011frenildi.\u0130stanbul Cumhuriyet Ba\u015fsavc\u0131s\u0131 Ak\u0131n G\u00fcrlek ve e\u015fi Elif G\u00fcl\u015fah G\u00fcrlek&#8217;in foto\u011fraf\u0131n\u0131 sosyal medya hesab\u0131ndan payla\u015fan ki\u015fi g\u00f6zalt\u0131na al\u0131nd\u0131. G\u00f6zalt\u0131na al\u0131nan ki\u015finin T\u00fcrkiye&#8217;de kitlesel bir cemaatin m\u00fcd\u00fcr\u00fc oldu\u011fu \u00f6\u011frenildi.\u00a0<a href=\"https:\/\/www.cumhuriyet.com.tr\/turkiye\/bassavci-akin-gurlek-ve-esinin-fotografini-paylasan-kisi-gozaltina-alindi-2450517\" target=\"_blank\" class=\"feedzy-rss-link-icon\">Read More<\/a><\/p>","protected":false},"excerpt":{"rendered":"<p>\u0130stanbul Cumhuriyet Ba\u015fsavc\u0131s\u0131 Ak\u0131n G\u00fcrlek ve e\u015fi Elif G\u00fcl\u015fah G\u00fcrlek&#8217;in foto\u011fraf\u0131n\u0131 sosyal medya hesab\u0131ndan payla\u015fan ki\u015fi g\u00f6zalt\u0131na al\u0131nd\u0131. G\u00f6zalt\u0131na al\u0131nan ki\u015finin T\u00fcrkiye&#8217;de kitlesel bir cemaatin m\u00fcd\u00fcr\u00fc oldu\u011fu \u00f6\u011frenildi.\u0130stanbul Cumhuriyet Ba\u015fsavc\u0131s\u0131 Ak\u0131n G\u00fcrlek ve e\u015fi Elif G\u00fcl\u015fah G\u00fcrlek&#8217;in foto\u011fraf\u0131n\u0131 sosyal medya hesab\u0131ndan payla\u015fan ki\u015fi g\u00f6zalt\u0131na al\u0131nd\u0131. G\u00f6zalt\u0131na al\u0131nan ki\u015finin T\u00fcrkiye&#8217;de kitlesel bir cemaatin m\u00fcd\u00fcr\u00fc oldu\u011fu \u00f6\u011frenildi.\u00a0Read [&hellip;]<\/p>\n","protected":false},"author":1,"featured_media":10383,"comment_status":"open","ping_status":"open","sticky":false,"template":"","format":"standard","meta":{"footnotes":"","_links_to":"","_links_to_target":""},"categories":[1],"tags":[],"class_list":["post-10382","post","type-post","status-publish","format-standard","has-post-thumbnail","hentry","category-haberler"],"_links":{"self":[{"href":"https:\/\/www.abchukuk.com\/index.php\/wp-json\/wp\/v2\/posts\/10382","targetHints":{"allow":["GET"]}}],"collection":[{"href":"https:\/\/www.abchukuk.com\/index.php\/wp-json\/wp\/v2\/posts"}],"about":[{"href":"https:\/\/www.abchukuk.com\/index.php\/wp-json\/wp\/v2\/types\/post"}],"author":[{"embeddable":true,"href":"https:\/\/www.abchukuk.com\/index.php\/wp-json\/wp\/v2\/users\/1"}],"replies":[{"embeddable":true,"href":"https:\/\/www.abchukuk.com\/index.php\/wp-json\/wp\/v2\/comments?post=10382"}],"version-history":[{"count":0,"href":"https:\/\/www.abchukuk.com\/index.php\/wp-json\/wp\/v2\/posts\/10382\/revisions"}],"wp:featuredmedia":[{"embeddable":true,"href":"https:\/\/www.abchukuk.com\/index.php\/wp-json\/wp\/v2\/media\/10383"}],"wp:attachment":[{"href":"https:\/\/www.abchukuk.com\/index.php\/wp-json\/wp\/v2\/media?parent=10382"}],"wp:term":[{"taxonomy":"category","embeddable":true,"href":"https:\/\/www.abchukuk.com\/index.php\/wp-json\/wp\/v2\/categories?post=10382"},{"taxonomy":"post_tag","embeddable":true,"href":"https:\/\/www.abchukuk.com\/index.php\/wp-json\/wp\/v2\/tags?post=10382"}],"curies":[{"name":"wp","href":"https:\/\/api.w.org\/{rel}","templated":true}]}}