{"id":10380,"date":"2025-11-06T18:20:00","date_gmt":"2025-11-06T18:20:00","guid":{"rendered":"https:\/\/www.abchukuk.com\/index.php\/2025\/11\/06\/bassavci-neden-chpnin-hedefinde\/"},"modified":"2025-11-06T18:20:00","modified_gmt":"2025-11-06T18:20:00","slug":"bassavci-neden-chpnin-hedefinde","status":"publish","type":"post","link":"https:\/\/www.abchukuk.com\/index.php\/2025\/11\/06\/bassavci-neden-chpnin-hedefinde\/","title":{"rendered":"Ba\u015fsavc\u0131 Neden CHP\u2019nin Hedefinde?"},"content":{"rendered":"<p><a href=\"https:\/\/www.gercekgundem.com\/yazarlar\/hatice-turhan\/hatice-turhan-yazdi-bassavci-neden-chpnin-hedefinde-561576\"><br \/>\n                                                            <img decoding=\"async\" src=\"https:\/\/i.gercekgundem.com\/2\/150\/84\/storage\/files\/images\/2025\/11\/06\/hatice-turhan-yazdi-bassavci-neden-chpnin-hedefinde-bqsn.jpg\" width=\"150\" height=\"84\" border=\"0\" align=\"right\" \/><br \/>\n                                                    <\/a><\/p>\n<h4>CHP Genel Ba\u015fkan\u0131 \u00d6zg\u00fcr \u00d6zel, belli ki \u0130mamo\u011flu davas\u0131nda teknik ve hukuki bir savunma yap\u0131lamayaca\u011f\u0131n\u0131 g\u00f6rd\u00fc, politik savunma a\u015famas\u0131na ge\u00e7ti.<\/h4>\n<p>CHP Genel Ba\u015fkan\u0131 \u00d6zg\u00fcr \u00d6zel, belli ki \u0130mamo\u011flu davas\u0131nda teknik ve hukuki bir savunma yap\u0131lamayaca\u011f\u0131n\u0131 g\u00f6rd\u00fc, politik savunma a\u015famas\u0131na ge\u00e7ti.\u00a0<a href=\"https:\/\/www.gercekgundem.com\/yazarlar\/hatice-turhan\/hatice-turhan-yazdi-bassavci-neden-chpnin-hedefinde-561576\" target=\"_blank\" class=\"feedzy-rss-link-icon\">Read More<\/a><\/p>","protected":false},"excerpt":{"rendered":"<p>CHP Genel Ba\u015fkan\u0131 \u00d6zg\u00fcr \u00d6zel, belli ki \u0130mamo\u011flu davas\u0131nda teknik ve hukuki bir savunma yap\u0131lamayaca\u011f\u0131n\u0131 g\u00f6rd\u00fc, politik savunma a\u015famas\u0131na ge\u00e7ti. CHP Genel Ba\u015fkan\u0131 \u00d6zg\u00fcr \u00d6zel, belli ki \u0130mamo\u011flu davas\u0131nda teknik ve hukuki bir savunma yap\u0131lamayaca\u011f\u0131n\u0131 g\u00f6rd\u00fc, politik savunma a\u015famas\u0131na ge\u00e7ti.\u00a0Read More<\/p>\n","protected":false},"author":1,"featured_media":10381,"comment_status":"open","ping_status":"open","sticky":false,"template":"","format":"standard","meta":{"footnotes":"","_links_to":"","_links_to_target":""},"categories":[1],"tags":[],"class_list":["post-10380","post","type-post","status-publish","format-standard","has-post-thumbnail","hentry","category-haberler"],"_links":{"self":[{"href":"https:\/\/www.abchukuk.com\/index.php\/wp-json\/wp\/v2\/posts\/10380","targetHints":{"allow":["GET"]}}],"collection":[{"href":"https:\/\/www.abchukuk.com\/index.php\/wp-json\/wp\/v2\/posts"}],"about":[{"href":"https:\/\/www.abchukuk.com\/index.php\/wp-json\/wp\/v2\/types\/post"}],"author":[{"embeddable":true,"href":"https:\/\/www.abchukuk.com\/index.php\/wp-json\/wp\/v2\/users\/1"}],"replies":[{"embeddable":true,"href":"https:\/\/www.abchukuk.com\/index.php\/wp-json\/wp\/v2\/comments?post=10380"}],"version-history":[{"count":0,"href":"https:\/\/www.abchukuk.com\/index.php\/wp-json\/wp\/v2\/posts\/10380\/revisions"}],"wp:featuredmedia":[{"embeddable":true,"href":"https:\/\/www.abchukuk.com\/index.php\/wp-json\/wp\/v2\/media\/10381"}],"wp:attachment":[{"href":"https:\/\/www.abchukuk.com\/index.php\/wp-json\/wp\/v2\/media?parent=10380"}],"wp:term":[{"taxonomy":"category","embeddable":true,"href":"https:\/\/www.abchukuk.com\/index.php\/wp-json\/wp\/v2\/categories?post=10380"},{"taxonomy":"post_tag","embeddable":true,"href":"https:\/\/www.abchukuk.com\/index.php\/wp-json\/wp\/v2\/tags?post=10380"}],"curies":[{"name":"wp","href":"https:\/\/api.w.org\/{rel}","templated":true}]}}